{"id":1472,"date":"2020-09-10T00:36:03","date_gmt":"2020-09-09T22:36:03","guid":{"rendered":"https:\/\/cuiaba.eleusal.com\/?p=1472"},"modified":"2020-09-14T13:00:36","modified_gmt":"2020-09-14T11:00:36","slug":"convenio-de-cooperacion-entre-la-escuela-ele-usal-cuiaba-y-la-facultad-catolica-de-mato-grosso","status":"publish","type":"post","link":"https:\/\/cuiaba.eleusal.com\/es\/convenio-de-cooperacion-entre-la-escuela-ele-usal-cuiaba-y-la-facultad-catolica-de-mato-grosso\/","title":{"rendered":"Convenio de Cooperaci\u00f3n entre la escuela ELE USAL Cuiab\u00e1 y la Facultad Cat\u00f3lica de Mato Grosso."},"content":{"rendered":"<p>La escuela ELE USAL Cuiab\u00e1, a trav\u00e9s de sus diretores Uyara Magalh\u00e3es de Melo y Jorge Caballero Fiel, firman um convenio de cooperaci\u00f3n con la Facultad Cat\u00f3lica de Mato Grosso, representado por su Director General Pe. Edson Sestari.\u00a0 La Facultad Cat\u00f3lica de Mato Grosso tiene representaci\u00f3n de varias ciudade del Estado Mato Grosso.<\/p>\n<p><img loading=\"lazy\" decoding=\"async\" class=\"alignnone size-full wp-image-1467\" src=\"https:\/\/cuiaba.eleusal.com\/wp-content\/uploads\/sites\/19\/2020\/09\/20170713_094144-300x180-1.jpg\" alt=\"\" width=\"300\" height=\"180\" \/> <img loading=\"lazy\" decoding=\"async\" class=\"alignnone size-full wp-image-1470\" src=\"https:\/\/cuiaba.eleusal.com\/wp-content\/uploads\/sites\/19\/2020\/09\/bd4891e0-4497-4c58-81e5-0ef7712aa705-300x180-1.jpg\" alt=\"\" width=\"300\" height=\"180\" \/><\/p>\n","protected":false},"excerpt":{"rendered":"<p>La escuela ELE USAL Cuiab\u00e1, a trav\u00e9s de sus diretores Uyara Magalh\u00e3es de Melo y Jorge Caballero Fiel, firman um convenio de cooperaci\u00f3n con la Facultad Cat\u00f3lica de Mato Grosso, representado por su Director General Pe. Edson Sestari.\u00a0 La Facultad Cat\u00f3lica de Mato Grosso tiene&#8230;<\/p>\n","protected":false},"author":18,"featured_media":0,"comment_status":"closed","ping_status":"closed","sticky":false,"template":"","format":"standard","meta":{"footnotes":""},"categories":[93],"tags":[],"class_list":["post-1472","post","type-post","status-publish","format-standard","hentry","category-sin-categorizar"],"yoast_head":"<!-- This site is optimized with the Yoast SEO plugin v24.2 - https:\/\/yoast.com\/wordpress\/plugins\/seo\/ -->\n<title>Convenio de Cooperaci\u00f3n entre la escuela ELE USAL Cuiab\u00e1 y la Facultad Cat\u00f3lica de Mato Grosso. - ELE USAL Cuiab\u00e1<\/title>\n<meta name=\"robots\" content=\"index, follow, max-snippet:-1, max-image-preview:large, max-video-preview:-1\" \/>\n<link rel=\"canonical\" href=\"https:\/\/cuiaba.eleusal.com\/es\/convenio-de-cooperacion-entre-la-escuela-ele-usal-cuiaba-y-la-facultad-catolica-de-mato-grosso\/\" \/>\n<meta property=\"og:locale\" content=\"es_ES\" \/>\n<meta property=\"og:type\" content=\"article\" \/>\n<meta property=\"og:title\" content=\"Convenio de Cooperaci\u00f3n entre la escuela ELE USAL Cuiab\u00e1 y la Facultad Cat\u00f3lica de Mato Grosso. - ELE USAL Cuiab\u00e1\" \/>\n<meta property=\"og:description\" content=\"La escuela ELE USAL Cuiab\u00e1, a trav\u00e9s de sus diretores Uyara Magalh\u00e3es de Melo y Jorge Caballero Fiel, firman um convenio de cooperaci\u00f3n con la Facultad Cat\u00f3lica de Mato Grosso, representado por su Director General Pe. Edson Sestari.\u00a0 La Facultad Cat\u00f3lica de Mato Grosso tiene...\" \/>\n<meta property=\"og:url\" content=\"https:\/\/cuiaba.eleusal.com\/es\/convenio-de-cooperacion-entre-la-escuela-ele-usal-cuiaba-y-la-facultad-catolica-de-mato-grosso\/\" \/>\n<meta property=\"og:site_name\" content=\"ELE USAL Cuiab\u00e1\" \/>\n<meta property=\"article:published_time\" content=\"2020-09-09T22:36:03+00:00\" \/>\n<meta property=\"article:modified_time\" content=\"2020-09-14T11:00:36+00:00\" \/>\n<meta property=\"og:image\" content=\"https:\/\/cuiaba.eleusal.com\/wp-content\/uploads\/sites\/19\/2020\/09\/20170713_094144-300x180-1.jpg\" \/>\n\t<meta property=\"og:image:width\" content=\"300\" \/>\n\t<meta property=\"og:image:height\" content=\"180\" \/>\n\t<meta property=\"og:image:type\" content=\"image\/jpeg\" \/>\n<meta name=\"author\" content=\"cuiaba\" \/>\n<meta name=\"twitter:card\" content=\"summary_large_image\" \/>\n<meta name=\"twitter:label1\" content=\"Escrito por\" \/>\n\t<meta name=\"twitter:data1\" content=\"cuiaba\" \/>\n<script type=\"application\/ld+json\" class=\"yoast-schema-graph\">{\"@context\":\"https:\/\/schema.org\",\"@graph\":[{\"@type\":\"WebPage\",\"@id\":\"https:\/\/cuiaba.eleusal.com\/es\/convenio-de-cooperacion-entre-la-escuela-ele-usal-cuiaba-y-la-facultad-catolica-de-mato-grosso\/\",\"url\":\"https:\/\/cuiaba.eleusal.com\/es\/convenio-de-cooperacion-entre-la-escuela-ele-usal-cuiaba-y-la-facultad-catolica-de-mato-grosso\/\",\"name\":\"Convenio de Cooperaci\u00f3n entre la escuela ELE USAL Cuiab\u00e1 y la Facultad Cat\u00f3lica de Mato Grosso. - ELE USAL Cuiab\u00e1\",\"isPartOf\":{\"@id\":\"https:\/\/cuiaba.eleusal.com\/#website\"},\"primaryImageOfPage\":{\"@id\":\"https:\/\/cuiaba.eleusal.com\/es\/convenio-de-cooperacion-entre-la-escuela-ele-usal-cuiaba-y-la-facultad-catolica-de-mato-grosso\/#primaryimage\"},\"image\":{\"@id\":\"https:\/\/cuiaba.eleusal.com\/es\/convenio-de-cooperacion-entre-la-escuela-ele-usal-cuiaba-y-la-facultad-catolica-de-mato-grosso\/#primaryimage\"},\"thumbnailUrl\":\"https:\/\/cuiaba.eleusal.com\/wp-content\/uploads\/sites\/19\/2020\/09\/20170713_094144-300x180-1.jpg\",\"datePublished\":\"2020-09-09T22:36:03+00:00\",\"dateModified\":\"2020-09-14T11:00:36+00:00\",\"author\":{\"@id\":\"https:\/\/cuiaba.eleusal.com\/#\/schema\/person\/3cf0dc8938baadf7623ca993a3921529\"},\"breadcrumb\":{\"@id\":\"https:\/\/cuiaba.eleusal.com\/es\/convenio-de-cooperacion-entre-la-escuela-ele-usal-cuiaba-y-la-facultad-catolica-de-mato-grosso\/#breadcrumb\"},\"inLanguage\":\"es\",\"potentialAction\":[{\"@type\":\"ReadAction\",\"target\":[\"https:\/\/cuiaba.eleusal.com\/es\/convenio-de-cooperacion-entre-la-escuela-ele-usal-cuiaba-y-la-facultad-catolica-de-mato-grosso\/\"]}]},{\"@type\":\"ImageObject\",\"inLanguage\":\"es\",\"@id\":\"https:\/\/cuiaba.eleusal.com\/es\/convenio-de-cooperacion-entre-la-escuela-ele-usal-cuiaba-y-la-facultad-catolica-de-mato-grosso\/#primaryimage\",\"url\":\"https:\/\/cuiaba.eleusal.com\/wp-content\/uploads\/sites\/19\/2020\/09\/20170713_094144-300x180-1.jpg\",\"contentUrl\":\"https:\/\/cuiaba.eleusal.com\/wp-content\/uploads\/sites\/19\/2020\/09\/20170713_094144-300x180-1.jpg\"},{\"@type\":\"BreadcrumbList\",\"@id\":\"https:\/\/cuiaba.eleusal.com\/es\/convenio-de-cooperacion-entre-la-escuela-ele-usal-cuiaba-y-la-facultad-catolica-de-mato-grosso\/#breadcrumb\",\"itemListElement\":[{\"@type\":\"ListItem\",\"position\":1,\"name\":\"Home\",\"item\":\"https:\/\/cuiaba.eleusal.com\/es\/\"},{\"@type\":\"ListItem\",\"position\":2,\"name\":\"Convenio de Cooperaci\u00f3n entre la escuela ELE USAL Cuiab\u00e1 y la Facultad Cat\u00f3lica de Mato Grosso.\"}]},{\"@type\":\"WebSite\",\"@id\":\"https:\/\/cuiaba.eleusal.com\/#website\",\"url\":\"https:\/\/cuiaba.eleusal.com\/\",\"name\":\"ELE USAL Cuiab\u00e1\",\"description\":\"ELE USAL\",\"potentialAction\":[{\"@type\":\"SearchAction\",\"target\":{\"@type\":\"EntryPoint\",\"urlTemplate\":\"https:\/\/cuiaba.eleusal.com\/?s={search_term_string}\"},\"query-input\":{\"@type\":\"PropertyValueSpecification\",\"valueRequired\":true,\"valueName\":\"search_term_string\"}}],\"inLanguage\":\"es\"},{\"@type\":\"Person\",\"@id\":\"https:\/\/cuiaba.eleusal.com\/#\/schema\/person\/3cf0dc8938baadf7623ca993a3921529\",\"name\":\"cuiaba\",\"image\":{\"@type\":\"ImageObject\",\"inLanguage\":\"es\",\"@id\":\"https:\/\/cuiaba.eleusal.com\/#\/schema\/person\/image\/\",\"url\":\"https:\/\/secure.gravatar.com\/avatar\/047347f729b414e43ddc7ff00fb8c05f?s=96&d=mm&r=g\",\"contentUrl\":\"https:\/\/secure.gravatar.com\/avatar\/047347f729b414e43ddc7ff00fb8c05f?s=96&d=mm&r=g\",\"caption\":\"cuiaba\"},\"url\":\"https:\/\/cuiaba.eleusal.com\/es\/author\/cuiaba\/\"}]}<\/script>\n<!-- \/ Yoast SEO plugin. -->","yoast_head_json":{"title":"Convenio de Cooperaci\u00f3n entre la escuela ELE USAL Cuiab\u00e1 y la Facultad Cat\u00f3lica de Mato Grosso. - ELE USAL Cuiab\u00e1","robots":{"index":"index","follow":"follow","max-snippet":"max-snippet:-1","max-image-preview":"max-image-preview:large","max-video-preview":"max-video-preview:-1"},"canonical":"https:\/\/cuiaba.eleusal.com\/es\/convenio-de-cooperacion-entre-la-escuela-ele-usal-cuiaba-y-la-facultad-catolica-de-mato-grosso\/","og_locale":"es_ES","og_type":"article","og_title":"Convenio de Cooperaci\u00f3n entre la escuela ELE USAL Cuiab\u00e1 y la Facultad Cat\u00f3lica de Mato Grosso. - ELE USAL Cuiab\u00e1","og_description":"La escuela ELE USAL Cuiab\u00e1, a trav\u00e9s de sus diretores Uyara Magalh\u00e3es de Melo y Jorge Caballero Fiel, firman um convenio de cooperaci\u00f3n con la Facultad Cat\u00f3lica de Mato Grosso, representado por su Director General Pe. Edson Sestari.\u00a0 La Facultad Cat\u00f3lica de Mato Grosso tiene...","og_url":"https:\/\/cuiaba.eleusal.com\/es\/convenio-de-cooperacion-entre-la-escuela-ele-usal-cuiaba-y-la-facultad-catolica-de-mato-grosso\/","og_site_name":"ELE USAL Cuiab\u00e1","article_published_time":"2020-09-09T22:36:03+00:00","article_modified_time":"2020-09-14T11:00:36+00:00","og_image":[{"width":300,"height":180,"url":"https:\/\/cuiaba.eleusal.com\/wp-content\/uploads\/sites\/19\/2020\/09\/20170713_094144-300x180-1.jpg","type":"image\/jpeg"}],"author":"cuiaba","twitter_card":"summary_large_image","twitter_misc":{"Escrito por":"cuiaba"},"schema":{"@context":"https:\/\/schema.org","@graph":[{"@type":"WebPage","@id":"https:\/\/cuiaba.eleusal.com\/es\/convenio-de-cooperacion-entre-la-escuela-ele-usal-cuiaba-y-la-facultad-catolica-de-mato-grosso\/","url":"https:\/\/cuiaba.eleusal.com\/es\/convenio-de-cooperacion-entre-la-escuela-ele-usal-cuiaba-y-la-facultad-catolica-de-mato-grosso\/","name":"Convenio de Cooperaci\u00f3n entre la escuela ELE USAL Cuiab\u00e1 y la Facultad Cat\u00f3lica de Mato Grosso. - ELE USAL Cuiab\u00e1","isPartOf":{"@id":"https:\/\/cuiaba.eleusal.com\/#website"},"primaryImageOfPage":{"@id":"https:\/\/cuiaba.eleusal.com\/es\/convenio-de-cooperacion-entre-la-escuela-ele-usal-cuiaba-y-la-facultad-catolica-de-mato-grosso\/#primaryimage"},"image":{"@id":"https:\/\/cuiaba.eleusal.com\/es\/convenio-de-cooperacion-entre-la-escuela-ele-usal-cuiaba-y-la-facultad-catolica-de-mato-grosso\/#primaryimage"},"thumbnailUrl":"https:\/\/cuiaba.eleusal.com\/wp-content\/uploads\/sites\/19\/2020\/09\/20170713_094144-300x180-1.jpg","datePublished":"2020-09-09T22:36:03+00:00","dateModified":"2020-09-14T11:00:36+00:00","author":{"@id":"https:\/\/cuiaba.eleusal.com\/#\/schema\/person\/3cf0dc8938baadf7623ca993a3921529"},"breadcrumb":{"@id":"https:\/\/cuiaba.eleusal.com\/es\/convenio-de-cooperacion-entre-la-escuela-ele-usal-cuiaba-y-la-facultad-catolica-de-mato-grosso\/#breadcrumb"},"inLanguage":"es","potentialAction":[{"@type":"ReadAction","target":["https:\/\/cuiaba.eleusal.com\/es\/convenio-de-cooperacion-entre-la-escuela-ele-usal-cuiaba-y-la-facultad-catolica-de-mato-grosso\/"]}]},{"@type":"ImageObject","inLanguage":"es","@id":"https:\/\/cuiaba.eleusal.com\/es\/convenio-de-cooperacion-entre-la-escuela-ele-usal-cuiaba-y-la-facultad-catolica-de-mato-grosso\/#primaryimage","url":"https:\/\/cuiaba.eleusal.com\/wp-content\/uploads\/sites\/19\/2020\/09\/20170713_094144-300x180-1.jpg","contentUrl":"https:\/\/cuiaba.eleusal.com\/wp-content\/uploads\/sites\/19\/2020\/09\/20170713_094144-300x180-1.jpg"},{"@type":"BreadcrumbList","@id":"https:\/\/cuiaba.eleusal.com\/es\/convenio-de-cooperacion-entre-la-escuela-ele-usal-cuiaba-y-la-facultad-catolica-de-mato-grosso\/#breadcrumb","itemListElement":[{"@type":"ListItem","position":1,"name":"Home","item":"https:\/\/cuiaba.eleusal.com\/es\/"},{"@type":"ListItem","position":2,"name":"Convenio de Cooperaci\u00f3n entre la escuela ELE USAL Cuiab\u00e1 y la Facultad Cat\u00f3lica de Mato Grosso."}]},{"@type":"WebSite","@id":"https:\/\/cuiaba.eleusal.com\/#website","url":"https:\/\/cuiaba.eleusal.com\/","name":"ELE USAL Cuiab\u00e1","description":"ELE USAL","potentialAction":[{"@type":"SearchAction","target":{"@type":"EntryPoint","urlTemplate":"https:\/\/cuiaba.eleusal.com\/?s={search_term_string}"},"query-input":{"@type":"PropertyValueSpecification","valueRequired":true,"valueName":"search_term_string"}}],"inLanguage":"es"},{"@type":"Person","@id":"https:\/\/cuiaba.eleusal.com\/#\/schema\/person\/3cf0dc8938baadf7623ca993a3921529","name":"cuiaba","image":{"@type":"ImageObject","inLanguage":"es","@id":"https:\/\/cuiaba.eleusal.com\/#\/schema\/person\/image\/","url":"https:\/\/secure.gravatar.com\/avatar\/047347f729b414e43ddc7ff00fb8c05f?s=96&d=mm&r=g","contentUrl":"https:\/\/secure.gravatar.com\/avatar\/047347f729b414e43ddc7ff00fb8c05f?s=96&d=mm&r=g","caption":"cuiaba"},"url":"https:\/\/cuiaba.eleusal.com\/es\/author\/cuiaba\/"}]}},"_links":{"self":[{"href":"https:\/\/cuiaba.eleusal.com\/es\/wp-json\/wp\/v2\/posts\/1472","targetHints":{"allow":["GET"]}}],"collection":[{"href":"https:\/\/cuiaba.eleusal.com\/es\/wp-json\/wp\/v2\/posts"}],"about":[{"href":"https:\/\/cuiaba.eleusal.com\/es\/wp-json\/wp\/v2\/types\/post"}],"author":[{"embeddable":true,"href":"https:\/\/cuiaba.eleusal.com\/es\/wp-json\/wp\/v2\/users\/18"}],"replies":[{"embeddable":true,"href":"https:\/\/cuiaba.eleusal.com\/es\/wp-json\/wp\/v2\/comments?post=1472"}],"version-history":[{"count":2,"href":"https:\/\/cuiaba.eleusal.com\/es\/wp-json\/wp\/v2\/posts\/1472\/revisions"}],"predecessor-version":[{"id":1622,"href":"https:\/\/cuiaba.eleusal.com\/es\/wp-json\/wp\/v2\/posts\/1472\/revisions\/1622"}],"wp:attachment":[{"href":"https:\/\/cuiaba.eleusal.com\/es\/wp-json\/wp\/v2\/media?parent=1472"}],"wp:term":[{"taxonomy":"category","embeddable":true,"href":"https:\/\/cuiaba.eleusal.com\/es\/wp-json\/wp\/v2\/categories?post=1472"},{"taxonomy":"post_tag","embeddable":true,"href":"https:\/\/cuiaba.eleusal.com\/es\/wp-json\/wp\/v2\/tags?post=1472"}],"curies":[{"name":"wp","href":"https:\/\/api.w.org\/{rel}","templated":true}]}}