{"id":1486,"date":"2020-09-10T00:41:45","date_gmt":"2020-09-09T22:41:45","guid":{"rendered":"https:\/\/cuiaba.eleusal.com\/?p=1486"},"modified":"2020-09-10T00:41:45","modified_gmt":"2020-09-09T22:41:45","slug":"participacion-de-la-escuela-ele-usal-cuiaba-en-las-actividades-de-cultura-y-lengua-espanola-en-el-senai-varzea-grande-servico-nacional-de-aprendizagem-industrial","status":"publish","type":"post","link":"https:\/\/cuiaba.eleusal.com\/es\/participacion-de-la-escuela-ele-usal-cuiaba-en-las-actividades-de-cultura-y-lengua-espanola-en-el-senai-varzea-grande-servico-nacional-de-aprendizagem-industrial\/","title":{"rendered":"Participaci\u00f3n de la escuela ELE USAL Cuiab\u00e1 en las actividades de Cultura y Lengua Espa\u00f1ola en el SENAI V\u00e1rzea Grande (Servi\u00e7o Nacional de Aprendizagem Industrial)."},"content":{"rendered":"<p>El Director Jorge Caballero Fiel y la Consul Honor\u00edfica de Espa\u00f1a en el Estado de Mato Grosso Sra. Esther Mendoza, participaron de las actividades de Cultura y Lengua Espa\u00f1ola del SENAI V\u00e1rzea Grande. Los alunos del SENAI realizaron uma representaci\u00f3n en Lengua Espa\u00f1ola sobre situaciones t\u00edpicas del comercio y \u00a0finalizar\u00f3n con la interepretaci\u00f3n m\u00fasica espa\u00f1ola.<\/p>\n<p><img loading=\"lazy\" decoding=\"async\" class=\"alignnone size-full wp-image-1484\" src=\"https:\/\/cuiaba.eleusal.com\/wp-content\/uploads\/sites\/19\/2020\/09\/f8f60835-d2bc-462d-907c-e2b13975e8db1-300x168-1.jpg\" alt=\"\" width=\"300\" height=\"168\" \/> <img loading=\"lazy\" decoding=\"async\" class=\"alignnone size-full wp-image-1481\" src=\"https:\/\/cuiaba.eleusal.com\/wp-content\/uploads\/sites\/19\/2020\/09\/b3f993aa-3419-4ea9-b818-dfe050eb5554-300x168-1.jpg\" alt=\"\" width=\"300\" height=\"168\" \/> <img loading=\"lazy\" decoding=\"async\" class=\"alignnone size-full wp-image-1478\" src=\"https:\/\/cuiaba.eleusal.com\/wp-content\/uploads\/sites\/19\/2020\/09\/300bc262-97b8-410f-85f8-4f01bd6d55c9-300x168-1.jpg\" alt=\"\" width=\"300\" height=\"168\" \/><\/p>\n","protected":false},"excerpt":{"rendered":"<p>El Director Jorge Caballero Fiel y la Consul Honor\u00edfica de Espa\u00f1a en el Estado de Mato Grosso Sra. Esther Mendoza, participaron de las actividades de Cultura y Lengua Espa\u00f1ola del SENAI V\u00e1rzea Grande. Los alunos del SENAI realizaron uma representaci\u00f3n en Lengua Espa\u00f1ola sobre situaciones&#8230;<\/p>\n","protected":false},"author":18,"featured_media":0,"comment_status":"closed","ping_status":"closed","sticky":false,"template":"","format":"standard","meta":{"footnotes":""},"categories":[93],"tags":[],"class_list":["post-1486","post","type-post","status-publish","format-standard","hentry","category-sin-categorizar"],"yoast_head":"<!-- This site is optimized with the Yoast SEO plugin v24.2 - https:\/\/yoast.com\/wordpress\/plugins\/seo\/ -->\n<title>Participaci\u00f3n de la escuela ELE USAL Cuiab\u00e1 en las actividades de Cultura y Lengua Espa\u00f1ola en el SENAI V\u00e1rzea Grande (Servi\u00e7o Nacional de Aprendizagem Industrial). - ELE USAL Cuiab\u00e1<\/title>\n<meta name=\"robots\" content=\"index, follow, max-snippet:-1, max-image-preview:large, max-video-preview:-1\" \/>\n<link rel=\"canonical\" href=\"https:\/\/cuiaba.eleusal.com\/es\/participacion-de-la-escuela-ele-usal-cuiaba-en-las-actividades-de-cultura-y-lengua-espanola-en-el-senai-varzea-grande-servico-nacional-de-aprendizagem-industrial\/\" \/>\n<meta property=\"og:locale\" content=\"es_ES\" \/>\n<meta property=\"og:type\" content=\"article\" \/>\n<meta property=\"og:title\" content=\"Participaci\u00f3n de la escuela ELE USAL Cuiab\u00e1 en las actividades de Cultura y Lengua Espa\u00f1ola en el SENAI V\u00e1rzea Grande (Servi\u00e7o Nacional de Aprendizagem Industrial). - ELE USAL Cuiab\u00e1\" \/>\n<meta property=\"og:description\" content=\"El Director Jorge Caballero Fiel y la Consul Honor\u00edfica de Espa\u00f1a en el Estado de Mato Grosso Sra. Esther Mendoza, participaron de las actividades de Cultura y Lengua Espa\u00f1ola del SENAI V\u00e1rzea Grande. Los alunos del SENAI realizaron uma representaci\u00f3n en Lengua Espa\u00f1ola sobre situaciones...\" \/>\n<meta property=\"og:url\" content=\"https:\/\/cuiaba.eleusal.com\/es\/participacion-de-la-escuela-ele-usal-cuiaba-en-las-actividades-de-cultura-y-lengua-espanola-en-el-senai-varzea-grande-servico-nacional-de-aprendizagem-industrial\/\" \/>\n<meta property=\"og:site_name\" content=\"ELE USAL Cuiab\u00e1\" \/>\n<meta property=\"article:published_time\" content=\"2020-09-09T22:41:45+00:00\" \/>\n<meta property=\"og:image\" content=\"https:\/\/cuiaba.eleusal.com\/wp-content\/uploads\/sites\/19\/2020\/09\/f8f60835-d2bc-462d-907c-e2b13975e8db1-300x168-1.jpg\" \/>\n\t<meta property=\"og:image:width\" content=\"300\" \/>\n\t<meta property=\"og:image:height\" content=\"168\" \/>\n\t<meta property=\"og:image:type\" content=\"image\/jpeg\" \/>\n<meta name=\"author\" content=\"cuiaba\" \/>\n<meta name=\"twitter:card\" content=\"summary_large_image\" \/>\n<meta name=\"twitter:label1\" content=\"Escrito por\" \/>\n\t<meta name=\"twitter:data1\" content=\"cuiaba\" \/>\n<script type=\"application\/ld+json\" class=\"yoast-schema-graph\">{\"@context\":\"https:\/\/schema.org\",\"@graph\":[{\"@type\":\"WebPage\",\"@id\":\"https:\/\/cuiaba.eleusal.com\/es\/participacion-de-la-escuela-ele-usal-cuiaba-en-las-actividades-de-cultura-y-lengua-espanola-en-el-senai-varzea-grande-servico-nacional-de-aprendizagem-industrial\/\",\"url\":\"https:\/\/cuiaba.eleusal.com\/es\/participacion-de-la-escuela-ele-usal-cuiaba-en-las-actividades-de-cultura-y-lengua-espanola-en-el-senai-varzea-grande-servico-nacional-de-aprendizagem-industrial\/\",\"name\":\"Participaci\u00f3n de la escuela ELE USAL Cuiab\u00e1 en las actividades de Cultura y Lengua Espa\u00f1ola en el SENAI V\u00e1rzea Grande (Servi\u00e7o Nacional de Aprendizagem Industrial). - ELE USAL Cuiab\u00e1\",\"isPartOf\":{\"@id\":\"https:\/\/cuiaba.eleusal.com\/#website\"},\"primaryImageOfPage\":{\"@id\":\"https:\/\/cuiaba.eleusal.com\/es\/participacion-de-la-escuela-ele-usal-cuiaba-en-las-actividades-de-cultura-y-lengua-espanola-en-el-senai-varzea-grande-servico-nacional-de-aprendizagem-industrial\/#primaryimage\"},\"image\":{\"@id\":\"https:\/\/cuiaba.eleusal.com\/es\/participacion-de-la-escuela-ele-usal-cuiaba-en-las-actividades-de-cultura-y-lengua-espanola-en-el-senai-varzea-grande-servico-nacional-de-aprendizagem-industrial\/#primaryimage\"},\"thumbnailUrl\":\"https:\/\/cuiaba.eleusal.com\/wp-content\/uploads\/sites\/19\/2020\/09\/f8f60835-d2bc-462d-907c-e2b13975e8db1-300x168-1.jpg\",\"datePublished\":\"2020-09-09T22:41:45+00:00\",\"dateModified\":\"2020-09-09T22:41:45+00:00\",\"author\":{\"@id\":\"https:\/\/cuiaba.eleusal.com\/#\/schema\/person\/3cf0dc8938baadf7623ca993a3921529\"},\"breadcrumb\":{\"@id\":\"https:\/\/cuiaba.eleusal.com\/es\/participacion-de-la-escuela-ele-usal-cuiaba-en-las-actividades-de-cultura-y-lengua-espanola-en-el-senai-varzea-grande-servico-nacional-de-aprendizagem-industrial\/#breadcrumb\"},\"inLanguage\":\"es\",\"potentialAction\":[{\"@type\":\"ReadAction\",\"target\":[\"https:\/\/cuiaba.eleusal.com\/es\/participacion-de-la-escuela-ele-usal-cuiaba-en-las-actividades-de-cultura-y-lengua-espanola-en-el-senai-varzea-grande-servico-nacional-de-aprendizagem-industrial\/\"]}]},{\"@type\":\"ImageObject\",\"inLanguage\":\"es\",\"@id\":\"https:\/\/cuiaba.eleusal.com\/es\/participacion-de-la-escuela-ele-usal-cuiaba-en-las-actividades-de-cultura-y-lengua-espanola-en-el-senai-varzea-grande-servico-nacional-de-aprendizagem-industrial\/#primaryimage\",\"url\":\"https:\/\/cuiaba.eleusal.com\/wp-content\/uploads\/sites\/19\/2020\/09\/f8f60835-d2bc-462d-907c-e2b13975e8db1-300x168-1.jpg\",\"contentUrl\":\"https:\/\/cuiaba.eleusal.com\/wp-content\/uploads\/sites\/19\/2020\/09\/f8f60835-d2bc-462d-907c-e2b13975e8db1-300x168-1.jpg\"},{\"@type\":\"BreadcrumbList\",\"@id\":\"https:\/\/cuiaba.eleusal.com\/es\/participacion-de-la-escuela-ele-usal-cuiaba-en-las-actividades-de-cultura-y-lengua-espanola-en-el-senai-varzea-grande-servico-nacional-de-aprendizagem-industrial\/#breadcrumb\",\"itemListElement\":[{\"@type\":\"ListItem\",\"position\":1,\"name\":\"Home\",\"item\":\"https:\/\/cuiaba.eleusal.com\/es\/\"},{\"@type\":\"ListItem\",\"position\":2,\"name\":\"Participaci\u00f3n de la escuela ELE USAL Cuiab\u00e1 en las actividades de Cultura y Lengua Espa\u00f1ola en el SENAI V\u00e1rzea Grande (Servi\u00e7o Nacional de Aprendizagem Industrial).\"}]},{\"@type\":\"WebSite\",\"@id\":\"https:\/\/cuiaba.eleusal.com\/#website\",\"url\":\"https:\/\/cuiaba.eleusal.com\/\",\"name\":\"ELE USAL Cuiab\u00e1\",\"description\":\"ELE USAL\",\"potentialAction\":[{\"@type\":\"SearchAction\",\"target\":{\"@type\":\"EntryPoint\",\"urlTemplate\":\"https:\/\/cuiaba.eleusal.com\/?s={search_term_string}\"},\"query-input\":{\"@type\":\"PropertyValueSpecification\",\"valueRequired\":true,\"valueName\":\"search_term_string\"}}],\"inLanguage\":\"es\"},{\"@type\":\"Person\",\"@id\":\"https:\/\/cuiaba.eleusal.com\/#\/schema\/person\/3cf0dc8938baadf7623ca993a3921529\",\"name\":\"cuiaba\",\"image\":{\"@type\":\"ImageObject\",\"inLanguage\":\"es\",\"@id\":\"https:\/\/cuiaba.eleusal.com\/#\/schema\/person\/image\/\",\"url\":\"https:\/\/secure.gravatar.com\/avatar\/047347f729b414e43ddc7ff00fb8c05f?s=96&d=mm&r=g\",\"contentUrl\":\"https:\/\/secure.gravatar.com\/avatar\/047347f729b414e43ddc7ff00fb8c05f?s=96&d=mm&r=g\",\"caption\":\"cuiaba\"},\"url\":\"https:\/\/cuiaba.eleusal.com\/es\/author\/cuiaba\/\"}]}<\/script>\n<!-- \/ Yoast SEO plugin. -->","yoast_head_json":{"title":"Participaci\u00f3n de la escuela ELE USAL Cuiab\u00e1 en las actividades de Cultura y Lengua Espa\u00f1ola en el SENAI V\u00e1rzea Grande (Servi\u00e7o Nacional de Aprendizagem Industrial). - ELE USAL Cuiab\u00e1","robots":{"index":"index","follow":"follow","max-snippet":"max-snippet:-1","max-image-preview":"max-image-preview:large","max-video-preview":"max-video-preview:-1"},"canonical":"https:\/\/cuiaba.eleusal.com\/es\/participacion-de-la-escuela-ele-usal-cuiaba-en-las-actividades-de-cultura-y-lengua-espanola-en-el-senai-varzea-grande-servico-nacional-de-aprendizagem-industrial\/","og_locale":"es_ES","og_type":"article","og_title":"Participaci\u00f3n de la escuela ELE USAL Cuiab\u00e1 en las actividades de Cultura y Lengua Espa\u00f1ola en el SENAI V\u00e1rzea Grande (Servi\u00e7o Nacional de Aprendizagem Industrial). - ELE USAL Cuiab\u00e1","og_description":"El Director Jorge Caballero Fiel y la Consul Honor\u00edfica de Espa\u00f1a en el Estado de Mato Grosso Sra. Esther Mendoza, participaron de las actividades de Cultura y Lengua Espa\u00f1ola del SENAI V\u00e1rzea Grande. Los alunos del SENAI realizaron uma representaci\u00f3n en Lengua Espa\u00f1ola sobre situaciones...","og_url":"https:\/\/cuiaba.eleusal.com\/es\/participacion-de-la-escuela-ele-usal-cuiaba-en-las-actividades-de-cultura-y-lengua-espanola-en-el-senai-varzea-grande-servico-nacional-de-aprendizagem-industrial\/","og_site_name":"ELE USAL Cuiab\u00e1","article_published_time":"2020-09-09T22:41:45+00:00","og_image":[{"width":300,"height":168,"url":"https:\/\/cuiaba.eleusal.com\/wp-content\/uploads\/sites\/19\/2020\/09\/f8f60835-d2bc-462d-907c-e2b13975e8db1-300x168-1.jpg","type":"image\/jpeg"}],"author":"cuiaba","twitter_card":"summary_large_image","twitter_misc":{"Escrito por":"cuiaba"},"schema":{"@context":"https:\/\/schema.org","@graph":[{"@type":"WebPage","@id":"https:\/\/cuiaba.eleusal.com\/es\/participacion-de-la-escuela-ele-usal-cuiaba-en-las-actividades-de-cultura-y-lengua-espanola-en-el-senai-varzea-grande-servico-nacional-de-aprendizagem-industrial\/","url":"https:\/\/cuiaba.eleusal.com\/es\/participacion-de-la-escuela-ele-usal-cuiaba-en-las-actividades-de-cultura-y-lengua-espanola-en-el-senai-varzea-grande-servico-nacional-de-aprendizagem-industrial\/","name":"Participaci\u00f3n de la escuela ELE USAL Cuiab\u00e1 en las actividades de Cultura y Lengua Espa\u00f1ola en el SENAI V\u00e1rzea Grande (Servi\u00e7o Nacional de Aprendizagem Industrial). - ELE USAL Cuiab\u00e1","isPartOf":{"@id":"https:\/\/cuiaba.eleusal.com\/#website"},"primaryImageOfPage":{"@id":"https:\/\/cuiaba.eleusal.com\/es\/participacion-de-la-escuela-ele-usal-cuiaba-en-las-actividades-de-cultura-y-lengua-espanola-en-el-senai-varzea-grande-servico-nacional-de-aprendizagem-industrial\/#primaryimage"},"image":{"@id":"https:\/\/cuiaba.eleusal.com\/es\/participacion-de-la-escuela-ele-usal-cuiaba-en-las-actividades-de-cultura-y-lengua-espanola-en-el-senai-varzea-grande-servico-nacional-de-aprendizagem-industrial\/#primaryimage"},"thumbnailUrl":"https:\/\/cuiaba.eleusal.com\/wp-content\/uploads\/sites\/19\/2020\/09\/f8f60835-d2bc-462d-907c-e2b13975e8db1-300x168-1.jpg","datePublished":"2020-09-09T22:41:45+00:00","dateModified":"2020-09-09T22:41:45+00:00","author":{"@id":"https:\/\/cuiaba.eleusal.com\/#\/schema\/person\/3cf0dc8938baadf7623ca993a3921529"},"breadcrumb":{"@id":"https:\/\/cuiaba.eleusal.com\/es\/participacion-de-la-escuela-ele-usal-cuiaba-en-las-actividades-de-cultura-y-lengua-espanola-en-el-senai-varzea-grande-servico-nacional-de-aprendizagem-industrial\/#breadcrumb"},"inLanguage":"es","potentialAction":[{"@type":"ReadAction","target":["https:\/\/cuiaba.eleusal.com\/es\/participacion-de-la-escuela-ele-usal-cuiaba-en-las-actividades-de-cultura-y-lengua-espanola-en-el-senai-varzea-grande-servico-nacional-de-aprendizagem-industrial\/"]}]},{"@type":"ImageObject","inLanguage":"es","@id":"https:\/\/cuiaba.eleusal.com\/es\/participacion-de-la-escuela-ele-usal-cuiaba-en-las-actividades-de-cultura-y-lengua-espanola-en-el-senai-varzea-grande-servico-nacional-de-aprendizagem-industrial\/#primaryimage","url":"https:\/\/cuiaba.eleusal.com\/wp-content\/uploads\/sites\/19\/2020\/09\/f8f60835-d2bc-462d-907c-e2b13975e8db1-300x168-1.jpg","contentUrl":"https:\/\/cuiaba.eleusal.com\/wp-content\/uploads\/sites\/19\/2020\/09\/f8f60835-d2bc-462d-907c-e2b13975e8db1-300x168-1.jpg"},{"@type":"BreadcrumbList","@id":"https:\/\/cuiaba.eleusal.com\/es\/participacion-de-la-escuela-ele-usal-cuiaba-en-las-actividades-de-cultura-y-lengua-espanola-en-el-senai-varzea-grande-servico-nacional-de-aprendizagem-industrial\/#breadcrumb","itemListElement":[{"@type":"ListItem","position":1,"name":"Home","item":"https:\/\/cuiaba.eleusal.com\/es\/"},{"@type":"ListItem","position":2,"name":"Participaci\u00f3n de la escuela ELE USAL Cuiab\u00e1 en las actividades de Cultura y Lengua Espa\u00f1ola en el SENAI V\u00e1rzea Grande (Servi\u00e7o Nacional de Aprendizagem Industrial)."}]},{"@type":"WebSite","@id":"https:\/\/cuiaba.eleusal.com\/#website","url":"https:\/\/cuiaba.eleusal.com\/","name":"ELE USAL Cuiab\u00e1","description":"ELE USAL","potentialAction":[{"@type":"SearchAction","target":{"@type":"EntryPoint","urlTemplate":"https:\/\/cuiaba.eleusal.com\/?s={search_term_string}"},"query-input":{"@type":"PropertyValueSpecification","valueRequired":true,"valueName":"search_term_string"}}],"inLanguage":"es"},{"@type":"Person","@id":"https:\/\/cuiaba.eleusal.com\/#\/schema\/person\/3cf0dc8938baadf7623ca993a3921529","name":"cuiaba","image":{"@type":"ImageObject","inLanguage":"es","@id":"https:\/\/cuiaba.eleusal.com\/#\/schema\/person\/image\/","url":"https:\/\/secure.gravatar.com\/avatar\/047347f729b414e43ddc7ff00fb8c05f?s=96&d=mm&r=g","contentUrl":"https:\/\/secure.gravatar.com\/avatar\/047347f729b414e43ddc7ff00fb8c05f?s=96&d=mm&r=g","caption":"cuiaba"},"url":"https:\/\/cuiaba.eleusal.com\/es\/author\/cuiaba\/"}]}},"_links":{"self":[{"href":"https:\/\/cuiaba.eleusal.com\/es\/wp-json\/wp\/v2\/posts\/1486","targetHints":{"allow":["GET"]}}],"collection":[{"href":"https:\/\/cuiaba.eleusal.com\/es\/wp-json\/wp\/v2\/posts"}],"about":[{"href":"https:\/\/cuiaba.eleusal.com\/es\/wp-json\/wp\/v2\/types\/post"}],"author":[{"embeddable":true,"href":"https:\/\/cuiaba.eleusal.com\/es\/wp-json\/wp\/v2\/users\/18"}],"replies":[{"embeddable":true,"href":"https:\/\/cuiaba.eleusal.com\/es\/wp-json\/wp\/v2\/comments?post=1486"}],"version-history":[{"count":1,"href":"https:\/\/cuiaba.eleusal.com\/es\/wp-json\/wp\/v2\/posts\/1486\/revisions"}],"predecessor-version":[{"id":1487,"href":"https:\/\/cuiaba.eleusal.com\/es\/wp-json\/wp\/v2\/posts\/1486\/revisions\/1487"}],"wp:attachment":[{"href":"https:\/\/cuiaba.eleusal.com\/es\/wp-json\/wp\/v2\/media?parent=1486"}],"wp:term":[{"taxonomy":"category","embeddable":true,"href":"https:\/\/cuiaba.eleusal.com\/es\/wp-json\/wp\/v2\/categories?post=1486"},{"taxonomy":"post_tag","embeddable":true,"href":"https:\/\/cuiaba.eleusal.com\/es\/wp-json\/wp\/v2\/tags?post=1486"}],"curies":[{"name":"wp","href":"https:\/\/api.w.org\/{rel}","templated":true}]}}