{"id":1509,"date":"2020-09-10T00:53:33","date_gmt":"2020-09-09T22:53:33","guid":{"rendered":"https:\/\/cuiaba.eleusal.com\/?p=1509"},"modified":"2020-09-10T00:53:33","modified_gmt":"2020-09-09T22:53:33","slug":"participacion-de-la-escuela-ele-usal-cuiaba-en-forum-sebrae-de-negocios","status":"publish","type":"post","link":"https:\/\/cuiaba.eleusal.com\/es\/participacion-de-la-escuela-ele-usal-cuiaba-en-forum-sebrae-de-negocios\/","title":{"rendered":"Participaci\u00f3n de la escuela ELE USAL Cuiab\u00e1 en F\u00f3rum SEBRAE de Neg\u00f3cios"},"content":{"rendered":"<p>Con motivo de la II \u00a0F\u00f3rum Sebrae Negocios, en el Centro de Eventos Pantanal de la ciudad de Cuiab\u00e1, Estado de Mato Grosso, Brasil, la escuela ELE USAL Cuiab\u00e1, particip\u00f3 auxiliando en la \u201cRodada de Negocios\u201d organizada por SEBRAE para acercar a empresarios del Estado de Mato Grosso con empresarios de diferentes pa\u00edses de Latinoam\u00e9rica (Chile, Argentina, Per\u00fa, Bolivia, Colombia, Paraguay, Uruguay). La escuela ELE USAL Cuiab\u00e1 tuvo la posibilidad de presentar los Cursos de Cultura y Lengua Espa\u00f1ola, as\u00ed como de informar del aniversario de los 800 a\u00f1os de la Universidad de Salamanca, a trav\u00e9s de su stand en el Centro de Eventos Pantanal.<\/p>\n<p><img loading=\"lazy\" decoding=\"async\" class=\"alignnone size-full wp-image-1489\" src=\"https:\/\/cuiaba.eleusal.com\/wp-content\/uploads\/sites\/19\/2020\/09\/WhatsApp-Image-2017-09-05-at-4.25.03-PM-300x180-1.jpeg\" alt=\"\" width=\"300\" height=\"180\" \/> <img loading=\"lazy\" decoding=\"async\" class=\"alignnone size-full wp-image-1507\" src=\"https:\/\/cuiaba.eleusal.com\/wp-content\/uploads\/sites\/19\/2020\/09\/WhatsApp-Image-2017-09-05-at-12.54.30-AM-300x180-2.jpeg\" alt=\"\" width=\"300\" height=\"180\" \/> <img loading=\"lazy\" decoding=\"async\" class=\"alignnone size-full wp-image-1504\" src=\"https:\/\/cuiaba.eleusal.com\/wp-content\/uploads\/sites\/19\/2020\/09\/WhatsApp-Image-2017-09-05-at-12.54.30-AM-2-180x300-2.jpeg\" alt=\"\" width=\"180\" height=\"300\" \/> <img loading=\"lazy\" decoding=\"async\" class=\"alignnone size-full wp-image-1492\" src=\"https:\/\/cuiaba.eleusal.com\/wp-content\/uploads\/sites\/19\/2020\/09\/WhatsApp-Image-2017-09-05-at-9.23.26-PM-300x180-1.jpeg\" alt=\"\" width=\"300\" height=\"180\" \/><\/p>\n","protected":false},"excerpt":{"rendered":"<p>Con motivo de la II \u00a0F\u00f3rum Sebrae Negocios, en el Centro de Eventos Pantanal de la ciudad de Cuiab\u00e1, Estado de Mato Grosso, Brasil, la escuela ELE USAL Cuiab\u00e1, particip\u00f3 auxiliando en la \u201cRodada de Negocios\u201d organizada por SEBRAE para acercar a empresarios del Estado&#8230;<\/p>\n","protected":false},"author":18,"featured_media":0,"comment_status":"closed","ping_status":"closed","sticky":false,"template":"","format":"standard","meta":{"footnotes":""},"categories":[93],"tags":[],"class_list":["post-1509","post","type-post","status-publish","format-standard","hentry","category-sin-categorizar"],"yoast_head":"<!-- This site is optimized with the Yoast SEO plugin v24.2 - https:\/\/yoast.com\/wordpress\/plugins\/seo\/ -->\n<title>Participaci\u00f3n de la escuela ELE USAL Cuiab\u00e1 en F\u00f3rum SEBRAE de Neg\u00f3cios - ELE USAL Cuiab\u00e1<\/title>\n<meta name=\"robots\" content=\"index, follow, max-snippet:-1, max-image-preview:large, max-video-preview:-1\" \/>\n<link rel=\"canonical\" href=\"https:\/\/cuiaba.eleusal.com\/es\/participacion-de-la-escuela-ele-usal-cuiaba-en-forum-sebrae-de-negocios\/\" \/>\n<meta property=\"og:locale\" content=\"es_ES\" \/>\n<meta property=\"og:type\" content=\"article\" \/>\n<meta property=\"og:title\" content=\"Participaci\u00f3n de la escuela ELE USAL Cuiab\u00e1 en F\u00f3rum SEBRAE de Neg\u00f3cios - ELE USAL Cuiab\u00e1\" \/>\n<meta property=\"og:description\" content=\"Con motivo de la II \u00a0F\u00f3rum Sebrae Negocios, en el Centro de Eventos Pantanal de la ciudad de Cuiab\u00e1, Estado de Mato Grosso, Brasil, la escuela ELE USAL Cuiab\u00e1, particip\u00f3 auxiliando en la \u201cRodada de Negocios\u201d organizada por SEBRAE para acercar a empresarios del Estado...\" \/>\n<meta property=\"og:url\" content=\"https:\/\/cuiaba.eleusal.com\/es\/participacion-de-la-escuela-ele-usal-cuiaba-en-forum-sebrae-de-negocios\/\" \/>\n<meta property=\"og:site_name\" content=\"ELE USAL Cuiab\u00e1\" \/>\n<meta property=\"article:published_time\" content=\"2020-09-09T22:53:33+00:00\" \/>\n<meta property=\"og:image\" content=\"https:\/\/cuiaba.eleusal.com\/wp-content\/uploads\/sites\/19\/2020\/09\/WhatsApp-Image-2017-09-05-at-4.25.03-PM-300x180-1.jpeg\" \/>\n\t<meta property=\"og:image:width\" content=\"300\" \/>\n\t<meta property=\"og:image:height\" content=\"180\" \/>\n\t<meta property=\"og:image:type\" content=\"image\/jpeg\" \/>\n<meta name=\"author\" content=\"cuiaba\" \/>\n<meta name=\"twitter:card\" content=\"summary_large_image\" \/>\n<meta name=\"twitter:label1\" content=\"Escrito por\" \/>\n\t<meta name=\"twitter:data1\" content=\"cuiaba\" \/>\n\t<meta name=\"twitter:label2\" content=\"Tiempo de lectura\" \/>\n\t<meta name=\"twitter:data2\" content=\"1 minuto\" \/>\n<script type=\"application\/ld+json\" class=\"yoast-schema-graph\">{\"@context\":\"https:\/\/schema.org\",\"@graph\":[{\"@type\":\"WebPage\",\"@id\":\"https:\/\/cuiaba.eleusal.com\/es\/participacion-de-la-escuela-ele-usal-cuiaba-en-forum-sebrae-de-negocios\/\",\"url\":\"https:\/\/cuiaba.eleusal.com\/es\/participacion-de-la-escuela-ele-usal-cuiaba-en-forum-sebrae-de-negocios\/\",\"name\":\"Participaci\u00f3n de la escuela ELE USAL Cuiab\u00e1 en F\u00f3rum SEBRAE de Neg\u00f3cios - ELE USAL Cuiab\u00e1\",\"isPartOf\":{\"@id\":\"https:\/\/cuiaba.eleusal.com\/#website\"},\"primaryImageOfPage\":{\"@id\":\"https:\/\/cuiaba.eleusal.com\/es\/participacion-de-la-escuela-ele-usal-cuiaba-en-forum-sebrae-de-negocios\/#primaryimage\"},\"image\":{\"@id\":\"https:\/\/cuiaba.eleusal.com\/es\/participacion-de-la-escuela-ele-usal-cuiaba-en-forum-sebrae-de-negocios\/#primaryimage\"},\"thumbnailUrl\":\"https:\/\/cuiaba.eleusal.com\/wp-content\/uploads\/sites\/19\/2020\/09\/WhatsApp-Image-2017-09-05-at-4.25.03-PM-300x180-1.jpeg\",\"datePublished\":\"2020-09-09T22:53:33+00:00\",\"dateModified\":\"2020-09-09T22:53:33+00:00\",\"author\":{\"@id\":\"https:\/\/cuiaba.eleusal.com\/#\/schema\/person\/3cf0dc8938baadf7623ca993a3921529\"},\"breadcrumb\":{\"@id\":\"https:\/\/cuiaba.eleusal.com\/es\/participacion-de-la-escuela-ele-usal-cuiaba-en-forum-sebrae-de-negocios\/#breadcrumb\"},\"inLanguage\":\"es\",\"potentialAction\":[{\"@type\":\"ReadAction\",\"target\":[\"https:\/\/cuiaba.eleusal.com\/es\/participacion-de-la-escuela-ele-usal-cuiaba-en-forum-sebrae-de-negocios\/\"]}]},{\"@type\":\"ImageObject\",\"inLanguage\":\"es\",\"@id\":\"https:\/\/cuiaba.eleusal.com\/es\/participacion-de-la-escuela-ele-usal-cuiaba-en-forum-sebrae-de-negocios\/#primaryimage\",\"url\":\"https:\/\/cuiaba.eleusal.com\/wp-content\/uploads\/sites\/19\/2020\/09\/WhatsApp-Image-2017-09-05-at-4.25.03-PM-300x180-1.jpeg\",\"contentUrl\":\"https:\/\/cuiaba.eleusal.com\/wp-content\/uploads\/sites\/19\/2020\/09\/WhatsApp-Image-2017-09-05-at-4.25.03-PM-300x180-1.jpeg\"},{\"@type\":\"BreadcrumbList\",\"@id\":\"https:\/\/cuiaba.eleusal.com\/es\/participacion-de-la-escuela-ele-usal-cuiaba-en-forum-sebrae-de-negocios\/#breadcrumb\",\"itemListElement\":[{\"@type\":\"ListItem\",\"position\":1,\"name\":\"Home\",\"item\":\"https:\/\/cuiaba.eleusal.com\/es\/\"},{\"@type\":\"ListItem\",\"position\":2,\"name\":\"Participaci\u00f3n de la escuela ELE USAL Cuiab\u00e1 en F\u00f3rum SEBRAE de Neg\u00f3cios\"}]},{\"@type\":\"WebSite\",\"@id\":\"https:\/\/cuiaba.eleusal.com\/#website\",\"url\":\"https:\/\/cuiaba.eleusal.com\/\",\"name\":\"ELE USAL Cuiab\u00e1\",\"description\":\"ELE USAL\",\"potentialAction\":[{\"@type\":\"SearchAction\",\"target\":{\"@type\":\"EntryPoint\",\"urlTemplate\":\"https:\/\/cuiaba.eleusal.com\/?s={search_term_string}\"},\"query-input\":{\"@type\":\"PropertyValueSpecification\",\"valueRequired\":true,\"valueName\":\"search_term_string\"}}],\"inLanguage\":\"es\"},{\"@type\":\"Person\",\"@id\":\"https:\/\/cuiaba.eleusal.com\/#\/schema\/person\/3cf0dc8938baadf7623ca993a3921529\",\"name\":\"cuiaba\",\"image\":{\"@type\":\"ImageObject\",\"inLanguage\":\"es\",\"@id\":\"https:\/\/cuiaba.eleusal.com\/#\/schema\/person\/image\/\",\"url\":\"https:\/\/secure.gravatar.com\/avatar\/047347f729b414e43ddc7ff00fb8c05f?s=96&d=mm&r=g\",\"contentUrl\":\"https:\/\/secure.gravatar.com\/avatar\/047347f729b414e43ddc7ff00fb8c05f?s=96&d=mm&r=g\",\"caption\":\"cuiaba\"},\"url\":\"https:\/\/cuiaba.eleusal.com\/es\/author\/cuiaba\/\"}]}<\/script>\n<!-- \/ Yoast SEO plugin. -->","yoast_head_json":{"title":"Participaci\u00f3n de la escuela ELE USAL Cuiab\u00e1 en F\u00f3rum SEBRAE de Neg\u00f3cios - ELE USAL Cuiab\u00e1","robots":{"index":"index","follow":"follow","max-snippet":"max-snippet:-1","max-image-preview":"max-image-preview:large","max-video-preview":"max-video-preview:-1"},"canonical":"https:\/\/cuiaba.eleusal.com\/es\/participacion-de-la-escuela-ele-usal-cuiaba-en-forum-sebrae-de-negocios\/","og_locale":"es_ES","og_type":"article","og_title":"Participaci\u00f3n de la escuela ELE USAL Cuiab\u00e1 en F\u00f3rum SEBRAE de Neg\u00f3cios - ELE USAL Cuiab\u00e1","og_description":"Con motivo de la II \u00a0F\u00f3rum Sebrae Negocios, en el Centro de Eventos Pantanal de la ciudad de Cuiab\u00e1, Estado de Mato Grosso, Brasil, la escuela ELE USAL Cuiab\u00e1, particip\u00f3 auxiliando en la \u201cRodada de Negocios\u201d organizada por SEBRAE para acercar a empresarios del Estado...","og_url":"https:\/\/cuiaba.eleusal.com\/es\/participacion-de-la-escuela-ele-usal-cuiaba-en-forum-sebrae-de-negocios\/","og_site_name":"ELE USAL Cuiab\u00e1","article_published_time":"2020-09-09T22:53:33+00:00","og_image":[{"width":300,"height":180,"url":"https:\/\/cuiaba.eleusal.com\/wp-content\/uploads\/sites\/19\/2020\/09\/WhatsApp-Image-2017-09-05-at-4.25.03-PM-300x180-1.jpeg","type":"image\/jpeg"}],"author":"cuiaba","twitter_card":"summary_large_image","twitter_misc":{"Escrito por":"cuiaba","Tiempo de lectura":"1 minuto"},"schema":{"@context":"https:\/\/schema.org","@graph":[{"@type":"WebPage","@id":"https:\/\/cuiaba.eleusal.com\/es\/participacion-de-la-escuela-ele-usal-cuiaba-en-forum-sebrae-de-negocios\/","url":"https:\/\/cuiaba.eleusal.com\/es\/participacion-de-la-escuela-ele-usal-cuiaba-en-forum-sebrae-de-negocios\/","name":"Participaci\u00f3n de la escuela ELE USAL Cuiab\u00e1 en F\u00f3rum SEBRAE de Neg\u00f3cios - ELE USAL Cuiab\u00e1","isPartOf":{"@id":"https:\/\/cuiaba.eleusal.com\/#website"},"primaryImageOfPage":{"@id":"https:\/\/cuiaba.eleusal.com\/es\/participacion-de-la-escuela-ele-usal-cuiaba-en-forum-sebrae-de-negocios\/#primaryimage"},"image":{"@id":"https:\/\/cuiaba.eleusal.com\/es\/participacion-de-la-escuela-ele-usal-cuiaba-en-forum-sebrae-de-negocios\/#primaryimage"},"thumbnailUrl":"https:\/\/cuiaba.eleusal.com\/wp-content\/uploads\/sites\/19\/2020\/09\/WhatsApp-Image-2017-09-05-at-4.25.03-PM-300x180-1.jpeg","datePublished":"2020-09-09T22:53:33+00:00","dateModified":"2020-09-09T22:53:33+00:00","author":{"@id":"https:\/\/cuiaba.eleusal.com\/#\/schema\/person\/3cf0dc8938baadf7623ca993a3921529"},"breadcrumb":{"@id":"https:\/\/cuiaba.eleusal.com\/es\/participacion-de-la-escuela-ele-usal-cuiaba-en-forum-sebrae-de-negocios\/#breadcrumb"},"inLanguage":"es","potentialAction":[{"@type":"ReadAction","target":["https:\/\/cuiaba.eleusal.com\/es\/participacion-de-la-escuela-ele-usal-cuiaba-en-forum-sebrae-de-negocios\/"]}]},{"@type":"ImageObject","inLanguage":"es","@id":"https:\/\/cuiaba.eleusal.com\/es\/participacion-de-la-escuela-ele-usal-cuiaba-en-forum-sebrae-de-negocios\/#primaryimage","url":"https:\/\/cuiaba.eleusal.com\/wp-content\/uploads\/sites\/19\/2020\/09\/WhatsApp-Image-2017-09-05-at-4.25.03-PM-300x180-1.jpeg","contentUrl":"https:\/\/cuiaba.eleusal.com\/wp-content\/uploads\/sites\/19\/2020\/09\/WhatsApp-Image-2017-09-05-at-4.25.03-PM-300x180-1.jpeg"},{"@type":"BreadcrumbList","@id":"https:\/\/cuiaba.eleusal.com\/es\/participacion-de-la-escuela-ele-usal-cuiaba-en-forum-sebrae-de-negocios\/#breadcrumb","itemListElement":[{"@type":"ListItem","position":1,"name":"Home","item":"https:\/\/cuiaba.eleusal.com\/es\/"},{"@type":"ListItem","position":2,"name":"Participaci\u00f3n de la escuela ELE USAL Cuiab\u00e1 en F\u00f3rum SEBRAE de Neg\u00f3cios"}]},{"@type":"WebSite","@id":"https:\/\/cuiaba.eleusal.com\/#website","url":"https:\/\/cuiaba.eleusal.com\/","name":"ELE USAL Cuiab\u00e1","description":"ELE USAL","potentialAction":[{"@type":"SearchAction","target":{"@type":"EntryPoint","urlTemplate":"https:\/\/cuiaba.eleusal.com\/?s={search_term_string}"},"query-input":{"@type":"PropertyValueSpecification","valueRequired":true,"valueName":"search_term_string"}}],"inLanguage":"es"},{"@type":"Person","@id":"https:\/\/cuiaba.eleusal.com\/#\/schema\/person\/3cf0dc8938baadf7623ca993a3921529","name":"cuiaba","image":{"@type":"ImageObject","inLanguage":"es","@id":"https:\/\/cuiaba.eleusal.com\/#\/schema\/person\/image\/","url":"https:\/\/secure.gravatar.com\/avatar\/047347f729b414e43ddc7ff00fb8c05f?s=96&d=mm&r=g","contentUrl":"https:\/\/secure.gravatar.com\/avatar\/047347f729b414e43ddc7ff00fb8c05f?s=96&d=mm&r=g","caption":"cuiaba"},"url":"https:\/\/cuiaba.eleusal.com\/es\/author\/cuiaba\/"}]}},"_links":{"self":[{"href":"https:\/\/cuiaba.eleusal.com\/es\/wp-json\/wp\/v2\/posts\/1509","targetHints":{"allow":["GET"]}}],"collection":[{"href":"https:\/\/cuiaba.eleusal.com\/es\/wp-json\/wp\/v2\/posts"}],"about":[{"href":"https:\/\/cuiaba.eleusal.com\/es\/wp-json\/wp\/v2\/types\/post"}],"author":[{"embeddable":true,"href":"https:\/\/cuiaba.eleusal.com\/es\/wp-json\/wp\/v2\/users\/18"}],"replies":[{"embeddable":true,"href":"https:\/\/cuiaba.eleusal.com\/es\/wp-json\/wp\/v2\/comments?post=1509"}],"version-history":[{"count":1,"href":"https:\/\/cuiaba.eleusal.com\/es\/wp-json\/wp\/v2\/posts\/1509\/revisions"}],"predecessor-version":[{"id":1510,"href":"https:\/\/cuiaba.eleusal.com\/es\/wp-json\/wp\/v2\/posts\/1509\/revisions\/1510"}],"wp:attachment":[{"href":"https:\/\/cuiaba.eleusal.com\/es\/wp-json\/wp\/v2\/media?parent=1509"}],"wp:term":[{"taxonomy":"category","embeddable":true,"href":"https:\/\/cuiaba.eleusal.com\/es\/wp-json\/wp\/v2\/categories?post=1509"},{"taxonomy":"post_tag","embeddable":true,"href":"https:\/\/cuiaba.eleusal.com\/es\/wp-json\/wp\/v2\/tags?post=1509"}],"curies":[{"name":"wp","href":"https:\/\/api.w.org\/{rel}","templated":true}]}}