{"id":1520,"date":"2020-09-10T01:09:12","date_gmt":"2020-09-09T23:09:12","guid":{"rendered":"https:\/\/cuiaba.eleusal.com\/?p=1520"},"modified":"2020-09-10T01:09:12","modified_gmt":"2020-09-09T23:09:12","slug":"presentacion-de-la-escuela-de-lengua-espanola-de-la-universidad-de-salamanca-a-la-secretaria-municipal-de-educacion-de-varzea-grande","status":"publish","type":"post","link":"https:\/\/cuiaba.eleusal.com\/es\/presentacion-de-la-escuela-de-lengua-espanola-de-la-universidad-de-salamanca-a-la-secretaria-municipal-de-educacion-de-varzea-grande\/","title":{"rendered":"Presentaci\u00f3n de la Escuela de Lengua Espa\u00f1ola de la Universidad de Salamanca a la Secretar\u00eda Municipal de Educaci\u00f3n de Varzea Grande."},"content":{"rendered":"<p>Los directores de la Escuela de Lengua Espa\u00f1ola de la Universidad de Salamanca \u2013 ELE USAL Cuiab\u00e1 se reunieron con los T\u00e9cnicos de la formaci\u00f3n de los profesores de espa\u00f1ol del municipio de Varzea Grande para abordar la formaci\u00f3n de los profesores en el municipio. El municipio de Varzea Grande inicio un programa de implementaci\u00f3n de la lengua espa\u00f1ola en las escuelas municipales a trav\u00e9s de sus profesores de Pedagog\u00eda para avanzar en el desarrollo de la Ley del Espa\u00f1ol.<\/p>\n<p><img loading=\"lazy\" decoding=\"async\" class=\"alignnone size-medium wp-image-1521\" src=\"https:\/\/cuiaba.eleusal.com\/wp-content\/uploads\/sites\/19\/2020\/09\/cuiaba2-1024x768-1-300x225.jpg\" alt=\"\" width=\"300\" height=\"225\" srcset=\"https:\/\/cuiaba.eleusal.com\/wp-content\/uploads\/sites\/19\/2020\/09\/cuiaba2-1024x768-1-300x225.jpg 300w, https:\/\/cuiaba.eleusal.com\/wp-content\/uploads\/sites\/19\/2020\/09\/cuiaba2-1024x768-1-768x576.jpg 768w, https:\/\/cuiaba.eleusal.com\/wp-content\/uploads\/sites\/19\/2020\/09\/cuiaba2-1024x768-1-800x600.jpg 800w, https:\/\/cuiaba.eleusal.com\/wp-content\/uploads\/sites\/19\/2020\/09\/cuiaba2-1024x768-1-700x525.jpg 700w, https:\/\/cuiaba.eleusal.com\/wp-content\/uploads\/sites\/19\/2020\/09\/cuiaba2-1024x768-1-600x450.jpg 600w, https:\/\/cuiaba.eleusal.com\/wp-content\/uploads\/sites\/19\/2020\/09\/cuiaba2-1024x768-1.jpg 1024w\" sizes=\"auto, (max-width: 300px) 100vw, 300px\" \/><\/p>\n<p align=\"justify\">Erika Meirelles \u2013 Profesora- T\u00e9cnico de la formaci\u00f3n de los profesores de Espa\u00f1ol.<\/p>\n<p align=\"justify\">Danielly Jenezerlan \u2013 Profesora- T\u00e9cnico de la formaci\u00f3n de los profesores de Espa\u00f1ol.<\/p>\n<p align=\"justify\">Uyara Magalh\u00e3es de Melo \u2013 Directora de ELE USAL Cuiab\u00e1.<\/p>\n<p align=\"justify\">Jorge Caballero Fiel \u2013 Director de ELE USAL Cuiab\u00e1.<\/p>\n","protected":false},"excerpt":{"rendered":"<p>Los directores de la Escuela de Lengua Espa\u00f1ola de la Universidad de Salamanca \u2013 ELE USAL Cuiab\u00e1 se reunieron con los T\u00e9cnicos de la formaci\u00f3n de los profesores de espa\u00f1ol del municipio de Varzea Grande para abordar la formaci\u00f3n de los profesores en el municipio&#8230;.<\/p>\n","protected":false},"author":18,"featured_media":0,"comment_status":"closed","ping_status":"closed","sticky":false,"template":"","format":"standard","meta":{"footnotes":""},"categories":[93],"tags":[],"class_list":["post-1520","post","type-post","status-publish","format-standard","hentry","category-sin-categorizar"],"yoast_head":"<!-- This site is optimized with the Yoast SEO plugin v24.2 - https:\/\/yoast.com\/wordpress\/plugins\/seo\/ -->\n<title>Presentaci\u00f3n de la Escuela de Lengua Espa\u00f1ola de la Universidad de Salamanca a la Secretar\u00eda Municipal de Educaci\u00f3n de Varzea Grande. - ELE USAL Cuiab\u00e1<\/title>\n<meta name=\"robots\" content=\"index, follow, max-snippet:-1, max-image-preview:large, max-video-preview:-1\" \/>\n<link rel=\"canonical\" href=\"https:\/\/cuiaba.eleusal.com\/es\/presentacion-de-la-escuela-de-lengua-espanola-de-la-universidad-de-salamanca-a-la-secretaria-municipal-de-educacion-de-varzea-grande\/\" \/>\n<meta property=\"og:locale\" content=\"es_ES\" \/>\n<meta property=\"og:type\" content=\"article\" \/>\n<meta property=\"og:title\" content=\"Presentaci\u00f3n de la Escuela de Lengua Espa\u00f1ola de la Universidad de Salamanca a la Secretar\u00eda Municipal de Educaci\u00f3n de Varzea Grande. - ELE USAL Cuiab\u00e1\" \/>\n<meta property=\"og:description\" content=\"Los directores de la Escuela de Lengua Espa\u00f1ola de la Universidad de Salamanca \u2013 ELE USAL Cuiab\u00e1 se reunieron con los T\u00e9cnicos de la formaci\u00f3n de los profesores de espa\u00f1ol del municipio de Varzea Grande para abordar la formaci\u00f3n de los profesores en el municipio....\" \/>\n<meta property=\"og:url\" content=\"https:\/\/cuiaba.eleusal.com\/es\/presentacion-de-la-escuela-de-lengua-espanola-de-la-universidad-de-salamanca-a-la-secretaria-municipal-de-educacion-de-varzea-grande\/\" \/>\n<meta property=\"og:site_name\" content=\"ELE USAL Cuiab\u00e1\" \/>\n<meta property=\"article:published_time\" content=\"2020-09-09T23:09:12+00:00\" \/>\n<meta property=\"og:image\" content=\"https:\/\/cuiaba.eleusal.com\/wp-content\/uploads\/sites\/19\/2020\/09\/cuiaba2-1024x768-1.jpg\" \/>\n\t<meta property=\"og:image:width\" content=\"1024\" \/>\n\t<meta property=\"og:image:height\" content=\"768\" \/>\n\t<meta property=\"og:image:type\" content=\"image\/jpeg\" \/>\n<meta name=\"author\" content=\"cuiaba\" \/>\n<meta name=\"twitter:card\" content=\"summary_large_image\" \/>\n<meta name=\"twitter:label1\" content=\"Escrito por\" \/>\n\t<meta name=\"twitter:data1\" content=\"cuiaba\" \/>\n\t<meta name=\"twitter:label2\" content=\"Tiempo de lectura\" \/>\n\t<meta name=\"twitter:data2\" content=\"1 minuto\" \/>\n<script type=\"application\/ld+json\" class=\"yoast-schema-graph\">{\"@context\":\"https:\/\/schema.org\",\"@graph\":[{\"@type\":\"WebPage\",\"@id\":\"https:\/\/cuiaba.eleusal.com\/es\/presentacion-de-la-escuela-de-lengua-espanola-de-la-universidad-de-salamanca-a-la-secretaria-municipal-de-educacion-de-varzea-grande\/\",\"url\":\"https:\/\/cuiaba.eleusal.com\/es\/presentacion-de-la-escuela-de-lengua-espanola-de-la-universidad-de-salamanca-a-la-secretaria-municipal-de-educacion-de-varzea-grande\/\",\"name\":\"Presentaci\u00f3n de la Escuela de Lengua Espa\u00f1ola de la Universidad de Salamanca a la Secretar\u00eda Municipal de Educaci\u00f3n de Varzea Grande. - ELE USAL Cuiab\u00e1\",\"isPartOf\":{\"@id\":\"https:\/\/cuiaba.eleusal.com\/#website\"},\"primaryImageOfPage\":{\"@id\":\"https:\/\/cuiaba.eleusal.com\/es\/presentacion-de-la-escuela-de-lengua-espanola-de-la-universidad-de-salamanca-a-la-secretaria-municipal-de-educacion-de-varzea-grande\/#primaryimage\"},\"image\":{\"@id\":\"https:\/\/cuiaba.eleusal.com\/es\/presentacion-de-la-escuela-de-lengua-espanola-de-la-universidad-de-salamanca-a-la-secretaria-municipal-de-educacion-de-varzea-grande\/#primaryimage\"},\"thumbnailUrl\":\"https:\/\/cuiaba.eleusal.com\/wp-content\/uploads\/sites\/19\/2020\/09\/cuiaba2-1024x768-1-300x225.jpg\",\"datePublished\":\"2020-09-09T23:09:12+00:00\",\"dateModified\":\"2020-09-09T23:09:12+00:00\",\"author\":{\"@id\":\"https:\/\/cuiaba.eleusal.com\/#\/schema\/person\/3cf0dc8938baadf7623ca993a3921529\"},\"breadcrumb\":{\"@id\":\"https:\/\/cuiaba.eleusal.com\/es\/presentacion-de-la-escuela-de-lengua-espanola-de-la-universidad-de-salamanca-a-la-secretaria-municipal-de-educacion-de-varzea-grande\/#breadcrumb\"},\"inLanguage\":\"es\",\"potentialAction\":[{\"@type\":\"ReadAction\",\"target\":[\"https:\/\/cuiaba.eleusal.com\/es\/presentacion-de-la-escuela-de-lengua-espanola-de-la-universidad-de-salamanca-a-la-secretaria-municipal-de-educacion-de-varzea-grande\/\"]}]},{\"@type\":\"ImageObject\",\"inLanguage\":\"es\",\"@id\":\"https:\/\/cuiaba.eleusal.com\/es\/presentacion-de-la-escuela-de-lengua-espanola-de-la-universidad-de-salamanca-a-la-secretaria-municipal-de-educacion-de-varzea-grande\/#primaryimage\",\"url\":\"https:\/\/cuiaba.eleusal.com\/wp-content\/uploads\/sites\/19\/2020\/09\/cuiaba2-1024x768-1-300x225.jpg\",\"contentUrl\":\"https:\/\/cuiaba.eleusal.com\/wp-content\/uploads\/sites\/19\/2020\/09\/cuiaba2-1024x768-1-300x225.jpg\"},{\"@type\":\"BreadcrumbList\",\"@id\":\"https:\/\/cuiaba.eleusal.com\/es\/presentacion-de-la-escuela-de-lengua-espanola-de-la-universidad-de-salamanca-a-la-secretaria-municipal-de-educacion-de-varzea-grande\/#breadcrumb\",\"itemListElement\":[{\"@type\":\"ListItem\",\"position\":1,\"name\":\"Home\",\"item\":\"https:\/\/cuiaba.eleusal.com\/es\/\"},{\"@type\":\"ListItem\",\"position\":2,\"name\":\"Presentaci\u00f3n de la Escuela de Lengua Espa\u00f1ola de la Universidad de Salamanca a la Secretar\u00eda Municipal de Educaci\u00f3n de Varzea Grande.\"}]},{\"@type\":\"WebSite\",\"@id\":\"https:\/\/cuiaba.eleusal.com\/#website\",\"url\":\"https:\/\/cuiaba.eleusal.com\/\",\"name\":\"ELE USAL Cuiab\u00e1\",\"description\":\"ELE USAL\",\"potentialAction\":[{\"@type\":\"SearchAction\",\"target\":{\"@type\":\"EntryPoint\",\"urlTemplate\":\"https:\/\/cuiaba.eleusal.com\/?s={search_term_string}\"},\"query-input\":{\"@type\":\"PropertyValueSpecification\",\"valueRequired\":true,\"valueName\":\"search_term_string\"}}],\"inLanguage\":\"es\"},{\"@type\":\"Person\",\"@id\":\"https:\/\/cuiaba.eleusal.com\/#\/schema\/person\/3cf0dc8938baadf7623ca993a3921529\",\"name\":\"cuiaba\",\"image\":{\"@type\":\"ImageObject\",\"inLanguage\":\"es\",\"@id\":\"https:\/\/cuiaba.eleusal.com\/#\/schema\/person\/image\/\",\"url\":\"https:\/\/secure.gravatar.com\/avatar\/047347f729b414e43ddc7ff00fb8c05f?s=96&d=mm&r=g\",\"contentUrl\":\"https:\/\/secure.gravatar.com\/avatar\/047347f729b414e43ddc7ff00fb8c05f?s=96&d=mm&r=g\",\"caption\":\"cuiaba\"},\"url\":\"https:\/\/cuiaba.eleusal.com\/es\/author\/cuiaba\/\"}]}<\/script>\n<!-- \/ Yoast SEO plugin. -->","yoast_head_json":{"title":"Presentaci\u00f3n de la Escuela de Lengua Espa\u00f1ola de la Universidad de Salamanca a la Secretar\u00eda Municipal de Educaci\u00f3n de Varzea Grande. - ELE USAL Cuiab\u00e1","robots":{"index":"index","follow":"follow","max-snippet":"max-snippet:-1","max-image-preview":"max-image-preview:large","max-video-preview":"max-video-preview:-1"},"canonical":"https:\/\/cuiaba.eleusal.com\/es\/presentacion-de-la-escuela-de-lengua-espanola-de-la-universidad-de-salamanca-a-la-secretaria-municipal-de-educacion-de-varzea-grande\/","og_locale":"es_ES","og_type":"article","og_title":"Presentaci\u00f3n de la Escuela de Lengua Espa\u00f1ola de la Universidad de Salamanca a la Secretar\u00eda Municipal de Educaci\u00f3n de Varzea Grande. - ELE USAL Cuiab\u00e1","og_description":"Los directores de la Escuela de Lengua Espa\u00f1ola de la Universidad de Salamanca \u2013 ELE USAL Cuiab\u00e1 se reunieron con los T\u00e9cnicos de la formaci\u00f3n de los profesores de espa\u00f1ol del municipio de Varzea Grande para abordar la formaci\u00f3n de los profesores en el municipio....","og_url":"https:\/\/cuiaba.eleusal.com\/es\/presentacion-de-la-escuela-de-lengua-espanola-de-la-universidad-de-salamanca-a-la-secretaria-municipal-de-educacion-de-varzea-grande\/","og_site_name":"ELE USAL Cuiab\u00e1","article_published_time":"2020-09-09T23:09:12+00:00","og_image":[{"width":1024,"height":768,"url":"https:\/\/cuiaba.eleusal.com\/wp-content\/uploads\/sites\/19\/2020\/09\/cuiaba2-1024x768-1.jpg","type":"image\/jpeg"}],"author":"cuiaba","twitter_card":"summary_large_image","twitter_misc":{"Escrito por":"cuiaba","Tiempo de lectura":"1 minuto"},"schema":{"@context":"https:\/\/schema.org","@graph":[{"@type":"WebPage","@id":"https:\/\/cuiaba.eleusal.com\/es\/presentacion-de-la-escuela-de-lengua-espanola-de-la-universidad-de-salamanca-a-la-secretaria-municipal-de-educacion-de-varzea-grande\/","url":"https:\/\/cuiaba.eleusal.com\/es\/presentacion-de-la-escuela-de-lengua-espanola-de-la-universidad-de-salamanca-a-la-secretaria-municipal-de-educacion-de-varzea-grande\/","name":"Presentaci\u00f3n de la Escuela de Lengua Espa\u00f1ola de la Universidad de Salamanca a la Secretar\u00eda Municipal de Educaci\u00f3n de Varzea Grande. - ELE USAL Cuiab\u00e1","isPartOf":{"@id":"https:\/\/cuiaba.eleusal.com\/#website"},"primaryImageOfPage":{"@id":"https:\/\/cuiaba.eleusal.com\/es\/presentacion-de-la-escuela-de-lengua-espanola-de-la-universidad-de-salamanca-a-la-secretaria-municipal-de-educacion-de-varzea-grande\/#primaryimage"},"image":{"@id":"https:\/\/cuiaba.eleusal.com\/es\/presentacion-de-la-escuela-de-lengua-espanola-de-la-universidad-de-salamanca-a-la-secretaria-municipal-de-educacion-de-varzea-grande\/#primaryimage"},"thumbnailUrl":"https:\/\/cuiaba.eleusal.com\/wp-content\/uploads\/sites\/19\/2020\/09\/cuiaba2-1024x768-1-300x225.jpg","datePublished":"2020-09-09T23:09:12+00:00","dateModified":"2020-09-09T23:09:12+00:00","author":{"@id":"https:\/\/cuiaba.eleusal.com\/#\/schema\/person\/3cf0dc8938baadf7623ca993a3921529"},"breadcrumb":{"@id":"https:\/\/cuiaba.eleusal.com\/es\/presentacion-de-la-escuela-de-lengua-espanola-de-la-universidad-de-salamanca-a-la-secretaria-municipal-de-educacion-de-varzea-grande\/#breadcrumb"},"inLanguage":"es","potentialAction":[{"@type":"ReadAction","target":["https:\/\/cuiaba.eleusal.com\/es\/presentacion-de-la-escuela-de-lengua-espanola-de-la-universidad-de-salamanca-a-la-secretaria-municipal-de-educacion-de-varzea-grande\/"]}]},{"@type":"ImageObject","inLanguage":"es","@id":"https:\/\/cuiaba.eleusal.com\/es\/presentacion-de-la-escuela-de-lengua-espanola-de-la-universidad-de-salamanca-a-la-secretaria-municipal-de-educacion-de-varzea-grande\/#primaryimage","url":"https:\/\/cuiaba.eleusal.com\/wp-content\/uploads\/sites\/19\/2020\/09\/cuiaba2-1024x768-1-300x225.jpg","contentUrl":"https:\/\/cuiaba.eleusal.com\/wp-content\/uploads\/sites\/19\/2020\/09\/cuiaba2-1024x768-1-300x225.jpg"},{"@type":"BreadcrumbList","@id":"https:\/\/cuiaba.eleusal.com\/es\/presentacion-de-la-escuela-de-lengua-espanola-de-la-universidad-de-salamanca-a-la-secretaria-municipal-de-educacion-de-varzea-grande\/#breadcrumb","itemListElement":[{"@type":"ListItem","position":1,"name":"Home","item":"https:\/\/cuiaba.eleusal.com\/es\/"},{"@type":"ListItem","position":2,"name":"Presentaci\u00f3n de la Escuela de Lengua Espa\u00f1ola de la Universidad de Salamanca a la Secretar\u00eda Municipal de Educaci\u00f3n de Varzea Grande."}]},{"@type":"WebSite","@id":"https:\/\/cuiaba.eleusal.com\/#website","url":"https:\/\/cuiaba.eleusal.com\/","name":"ELE USAL Cuiab\u00e1","description":"ELE USAL","potentialAction":[{"@type":"SearchAction","target":{"@type":"EntryPoint","urlTemplate":"https:\/\/cuiaba.eleusal.com\/?s={search_term_string}"},"query-input":{"@type":"PropertyValueSpecification","valueRequired":true,"valueName":"search_term_string"}}],"inLanguage":"es"},{"@type":"Person","@id":"https:\/\/cuiaba.eleusal.com\/#\/schema\/person\/3cf0dc8938baadf7623ca993a3921529","name":"cuiaba","image":{"@type":"ImageObject","inLanguage":"es","@id":"https:\/\/cuiaba.eleusal.com\/#\/schema\/person\/image\/","url":"https:\/\/secure.gravatar.com\/avatar\/047347f729b414e43ddc7ff00fb8c05f?s=96&d=mm&r=g","contentUrl":"https:\/\/secure.gravatar.com\/avatar\/047347f729b414e43ddc7ff00fb8c05f?s=96&d=mm&r=g","caption":"cuiaba"},"url":"https:\/\/cuiaba.eleusal.com\/es\/author\/cuiaba\/"}]}},"_links":{"self":[{"href":"https:\/\/cuiaba.eleusal.com\/es\/wp-json\/wp\/v2\/posts\/1520","targetHints":{"allow":["GET"]}}],"collection":[{"href":"https:\/\/cuiaba.eleusal.com\/es\/wp-json\/wp\/v2\/posts"}],"about":[{"href":"https:\/\/cuiaba.eleusal.com\/es\/wp-json\/wp\/v2\/types\/post"}],"author":[{"embeddable":true,"href":"https:\/\/cuiaba.eleusal.com\/es\/wp-json\/wp\/v2\/users\/18"}],"replies":[{"embeddable":true,"href":"https:\/\/cuiaba.eleusal.com\/es\/wp-json\/wp\/v2\/comments?post=1520"}],"version-history":[{"count":1,"href":"https:\/\/cuiaba.eleusal.com\/es\/wp-json\/wp\/v2\/posts\/1520\/revisions"}],"predecessor-version":[{"id":1524,"href":"https:\/\/cuiaba.eleusal.com\/es\/wp-json\/wp\/v2\/posts\/1520\/revisions\/1524"}],"wp:attachment":[{"href":"https:\/\/cuiaba.eleusal.com\/es\/wp-json\/wp\/v2\/media?parent=1520"}],"wp:term":[{"taxonomy":"category","embeddable":true,"href":"https:\/\/cuiaba.eleusal.com\/es\/wp-json\/wp\/v2\/categories?post=1520"},{"taxonomy":"post_tag","embeddable":true,"href":"https:\/\/cuiaba.eleusal.com\/es\/wp-json\/wp\/v2\/tags?post=1520"}],"curies":[{"name":"wp","href":"https:\/\/api.w.org\/{rel}","templated":true}]}}