{"id":1527,"date":"2020-09-10T01:15:54","date_gmt":"2020-09-09T23:15:54","guid":{"rendered":"https:\/\/cuiaba.eleusal.com\/?p=1527"},"modified":"2020-09-10T01:16:04","modified_gmt":"2020-09-09T23:16:04","slug":"visita-de-los-directores-de-ele-usal-cuiaba-a-la-universidad-de-salamanca","status":"publish","type":"post","link":"https:\/\/cuiaba.eleusal.com\/es\/visita-de-los-directores-de-ele-usal-cuiaba-a-la-universidad-de-salamanca\/","title":{"rendered":"VISITA DE LOS DIRECTORES DE ELE USAL CUIAB\u00c1 A LA UNIVERSIDAD DE SALAMANCA"},"content":{"rendered":"<p style=\"font-weight: 400\">Los directores de la Escuela de Lengua Espa\u00f1ola de la Universidad de Salamanca en Cuiab\u00e1 (Brasil), Jorge Caballero Fiel y Uyara Magalh\u00e3es de Melo, han visitado durante la pasada semana la central franquiciadora ELE USAL y las oficinas de Cursos Internacionales.<\/p>\n<p style=\"font-weight: 400\">Los franquiciados de ELE USAL Cuiab\u00e1, que abrir\u00e1 sus puertas el pr\u00f3ximo mes de febrero en la ciudad brasile\u00f1a, han podido disfrutar de formaci\u00f3n relacionada con la gesti\u00f3n interna de las escuelas.\u00a0Esta formaci\u00f3n, realizada por personal de la central franquiciadora ELE USAL, ha tratado temas como el nuevo sistema inform\u00e1tico de gesti\u00f3n o la matriculaci\u00f3n online disponible en su p\u00e1gina web.<\/p>\n<p style=\"font-weight: 400\">Las Escuelas de Lengua Espa\u00f1ola de la Universidad de Salamanca, ELE USAL, siguen los m\u00e9todos de ense\u00f1anza del espa\u00f1ol como lengua extranjera en los que la Universidad de Salamanca es un modelo de excelencia y referencia a nivel internacional.<\/p>\n<p><img loading=\"lazy\" decoding=\"async\" class=\"alignnone size-medium wp-image-1528\" src=\"https:\/\/cuiaba.eleusal.com\/wp-content\/uploads\/sites\/19\/2020\/09\/DSC00178-1024x768-1-300x225.jpg\" alt=\"\" width=\"300\" height=\"225\" srcset=\"https:\/\/cuiaba.eleusal.com\/wp-content\/uploads\/sites\/19\/2020\/09\/DSC00178-1024x768-1-300x225.jpg 300w, https:\/\/cuiaba.eleusal.com\/wp-content\/uploads\/sites\/19\/2020\/09\/DSC00178-1024x768-1-768x576.jpg 768w, https:\/\/cuiaba.eleusal.com\/wp-content\/uploads\/sites\/19\/2020\/09\/DSC00178-1024x768-1-800x600.jpg 800w, https:\/\/cuiaba.eleusal.com\/wp-content\/uploads\/sites\/19\/2020\/09\/DSC00178-1024x768-1-700x525.jpg 700w, https:\/\/cuiaba.eleusal.com\/wp-content\/uploads\/sites\/19\/2020\/09\/DSC00178-1024x768-1-600x450.jpg 600w, https:\/\/cuiaba.eleusal.com\/wp-content\/uploads\/sites\/19\/2020\/09\/DSC00178-1024x768-1.jpg 1024w\" sizes=\"auto, (max-width: 300px) 100vw, 300px\" \/><\/p>\n","protected":false},"excerpt":{"rendered":"<p>Los directores de la Escuela de Lengua Espa\u00f1ola de la Universidad de Salamanca en Cuiab\u00e1 (Brasil), Jorge Caballero Fiel y Uyara Magalh\u00e3es de Melo, han visitado durante la pasada semana la central franquiciadora ELE USAL y las oficinas de Cursos Internacionales. Los franquiciados de ELE&#8230;<\/p>\n","protected":false},"author":18,"featured_media":0,"comment_status":"closed","ping_status":"closed","sticky":false,"template":"","format":"standard","meta":{"footnotes":""},"categories":[93],"tags":[],"class_list":["post-1527","post","type-post","status-publish","format-standard","hentry","category-sin-categorizar"],"yoast_head":"<!-- This site is optimized with the Yoast SEO plugin v24.2 - https:\/\/yoast.com\/wordpress\/plugins\/seo\/ -->\n<title>VISITA DE LOS DIRECTORES DE ELE USAL CUIAB\u00c1 A LA UNIVERSIDAD DE SALAMANCA - ELE USAL Cuiab\u00e1<\/title>\n<meta name=\"robots\" content=\"index, follow, max-snippet:-1, max-image-preview:large, max-video-preview:-1\" \/>\n<link rel=\"canonical\" href=\"https:\/\/cuiaba.eleusal.com\/es\/visita-de-los-directores-de-ele-usal-cuiaba-a-la-universidad-de-salamanca\/\" \/>\n<meta property=\"og:locale\" content=\"es_ES\" \/>\n<meta property=\"og:type\" content=\"article\" \/>\n<meta property=\"og:title\" content=\"VISITA DE LOS DIRECTORES DE ELE USAL CUIAB\u00c1 A LA UNIVERSIDAD DE SALAMANCA - ELE USAL Cuiab\u00e1\" \/>\n<meta property=\"og:description\" content=\"Los directores de la Escuela de Lengua Espa\u00f1ola de la Universidad de Salamanca en Cuiab\u00e1 (Brasil), Jorge Caballero Fiel y Uyara Magalh\u00e3es de Melo, han visitado durante la pasada semana la central franquiciadora ELE USAL y las oficinas de Cursos Internacionales. Los franquiciados de ELE...\" \/>\n<meta property=\"og:url\" content=\"https:\/\/cuiaba.eleusal.com\/es\/visita-de-los-directores-de-ele-usal-cuiaba-a-la-universidad-de-salamanca\/\" \/>\n<meta property=\"og:site_name\" content=\"ELE USAL Cuiab\u00e1\" \/>\n<meta property=\"article:published_time\" content=\"2020-09-09T23:15:54+00:00\" \/>\n<meta property=\"article:modified_time\" content=\"2020-09-09T23:16:04+00:00\" \/>\n<meta property=\"og:image\" content=\"https:\/\/cuiaba.eleusal.com\/wp-content\/uploads\/sites\/19\/2020\/09\/DSC00178-1024x768-1.jpg\" \/>\n\t<meta property=\"og:image:width\" content=\"1024\" \/>\n\t<meta property=\"og:image:height\" content=\"768\" \/>\n\t<meta property=\"og:image:type\" content=\"image\/jpeg\" \/>\n<meta name=\"author\" content=\"cuiaba\" \/>\n<meta name=\"twitter:card\" content=\"summary_large_image\" \/>\n<meta name=\"twitter:label1\" content=\"Escrito por\" \/>\n\t<meta name=\"twitter:data1\" content=\"cuiaba\" \/>\n\t<meta name=\"twitter:label2\" content=\"Tiempo de lectura\" \/>\n\t<meta name=\"twitter:data2\" content=\"1 minuto\" \/>\n<script type=\"application\/ld+json\" class=\"yoast-schema-graph\">{\"@context\":\"https:\/\/schema.org\",\"@graph\":[{\"@type\":\"WebPage\",\"@id\":\"https:\/\/cuiaba.eleusal.com\/es\/visita-de-los-directores-de-ele-usal-cuiaba-a-la-universidad-de-salamanca\/\",\"url\":\"https:\/\/cuiaba.eleusal.com\/es\/visita-de-los-directores-de-ele-usal-cuiaba-a-la-universidad-de-salamanca\/\",\"name\":\"VISITA DE LOS DIRECTORES DE ELE USAL CUIAB\u00c1 A LA UNIVERSIDAD DE SALAMANCA - ELE USAL Cuiab\u00e1\",\"isPartOf\":{\"@id\":\"https:\/\/cuiaba.eleusal.com\/#website\"},\"primaryImageOfPage\":{\"@id\":\"https:\/\/cuiaba.eleusal.com\/es\/visita-de-los-directores-de-ele-usal-cuiaba-a-la-universidad-de-salamanca\/#primaryimage\"},\"image\":{\"@id\":\"https:\/\/cuiaba.eleusal.com\/es\/visita-de-los-directores-de-ele-usal-cuiaba-a-la-universidad-de-salamanca\/#primaryimage\"},\"thumbnailUrl\":\"https:\/\/cuiaba.eleusal.com\/wp-content\/uploads\/sites\/19\/2020\/09\/DSC00178-1024x768-1-300x225.jpg\",\"datePublished\":\"2020-09-09T23:15:54+00:00\",\"dateModified\":\"2020-09-09T23:16:04+00:00\",\"author\":{\"@id\":\"https:\/\/cuiaba.eleusal.com\/#\/schema\/person\/3cf0dc8938baadf7623ca993a3921529\"},\"breadcrumb\":{\"@id\":\"https:\/\/cuiaba.eleusal.com\/es\/visita-de-los-directores-de-ele-usal-cuiaba-a-la-universidad-de-salamanca\/#breadcrumb\"},\"inLanguage\":\"es\",\"potentialAction\":[{\"@type\":\"ReadAction\",\"target\":[\"https:\/\/cuiaba.eleusal.com\/es\/visita-de-los-directores-de-ele-usal-cuiaba-a-la-universidad-de-salamanca\/\"]}]},{\"@type\":\"ImageObject\",\"inLanguage\":\"es\",\"@id\":\"https:\/\/cuiaba.eleusal.com\/es\/visita-de-los-directores-de-ele-usal-cuiaba-a-la-universidad-de-salamanca\/#primaryimage\",\"url\":\"https:\/\/cuiaba.eleusal.com\/wp-content\/uploads\/sites\/19\/2020\/09\/DSC00178-1024x768-1-300x225.jpg\",\"contentUrl\":\"https:\/\/cuiaba.eleusal.com\/wp-content\/uploads\/sites\/19\/2020\/09\/DSC00178-1024x768-1-300x225.jpg\"},{\"@type\":\"BreadcrumbList\",\"@id\":\"https:\/\/cuiaba.eleusal.com\/es\/visita-de-los-directores-de-ele-usal-cuiaba-a-la-universidad-de-salamanca\/#breadcrumb\",\"itemListElement\":[{\"@type\":\"ListItem\",\"position\":1,\"name\":\"Home\",\"item\":\"https:\/\/cuiaba.eleusal.com\/es\/\"},{\"@type\":\"ListItem\",\"position\":2,\"name\":\"VISITA DE LOS DIRECTORES DE ELE USAL CUIAB\u00c1 A LA UNIVERSIDAD DE SALAMANCA\"}]},{\"@type\":\"WebSite\",\"@id\":\"https:\/\/cuiaba.eleusal.com\/#website\",\"url\":\"https:\/\/cuiaba.eleusal.com\/\",\"name\":\"ELE USAL Cuiab\u00e1\",\"description\":\"ELE USAL\",\"potentialAction\":[{\"@type\":\"SearchAction\",\"target\":{\"@type\":\"EntryPoint\",\"urlTemplate\":\"https:\/\/cuiaba.eleusal.com\/?s={search_term_string}\"},\"query-input\":{\"@type\":\"PropertyValueSpecification\",\"valueRequired\":true,\"valueName\":\"search_term_string\"}}],\"inLanguage\":\"es\"},{\"@type\":\"Person\",\"@id\":\"https:\/\/cuiaba.eleusal.com\/#\/schema\/person\/3cf0dc8938baadf7623ca993a3921529\",\"name\":\"cuiaba\",\"image\":{\"@type\":\"ImageObject\",\"inLanguage\":\"es\",\"@id\":\"https:\/\/cuiaba.eleusal.com\/#\/schema\/person\/image\/\",\"url\":\"https:\/\/secure.gravatar.com\/avatar\/047347f729b414e43ddc7ff00fb8c05f?s=96&d=mm&r=g\",\"contentUrl\":\"https:\/\/secure.gravatar.com\/avatar\/047347f729b414e43ddc7ff00fb8c05f?s=96&d=mm&r=g\",\"caption\":\"cuiaba\"},\"url\":\"https:\/\/cuiaba.eleusal.com\/es\/author\/cuiaba\/\"}]}<\/script>\n<!-- \/ Yoast SEO plugin. -->","yoast_head_json":{"title":"VISITA DE LOS DIRECTORES DE ELE USAL CUIAB\u00c1 A LA UNIVERSIDAD DE SALAMANCA - ELE USAL Cuiab\u00e1","robots":{"index":"index","follow":"follow","max-snippet":"max-snippet:-1","max-image-preview":"max-image-preview:large","max-video-preview":"max-video-preview:-1"},"canonical":"https:\/\/cuiaba.eleusal.com\/es\/visita-de-los-directores-de-ele-usal-cuiaba-a-la-universidad-de-salamanca\/","og_locale":"es_ES","og_type":"article","og_title":"VISITA DE LOS DIRECTORES DE ELE USAL CUIAB\u00c1 A LA UNIVERSIDAD DE SALAMANCA - ELE USAL Cuiab\u00e1","og_description":"Los directores de la Escuela de Lengua Espa\u00f1ola de la Universidad de Salamanca en Cuiab\u00e1 (Brasil), Jorge Caballero Fiel y Uyara Magalh\u00e3es de Melo, han visitado durante la pasada semana la central franquiciadora ELE USAL y las oficinas de Cursos Internacionales. Los franquiciados de ELE...","og_url":"https:\/\/cuiaba.eleusal.com\/es\/visita-de-los-directores-de-ele-usal-cuiaba-a-la-universidad-de-salamanca\/","og_site_name":"ELE USAL Cuiab\u00e1","article_published_time":"2020-09-09T23:15:54+00:00","article_modified_time":"2020-09-09T23:16:04+00:00","og_image":[{"width":1024,"height":768,"url":"https:\/\/cuiaba.eleusal.com\/wp-content\/uploads\/sites\/19\/2020\/09\/DSC00178-1024x768-1.jpg","type":"image\/jpeg"}],"author":"cuiaba","twitter_card":"summary_large_image","twitter_misc":{"Escrito por":"cuiaba","Tiempo de lectura":"1 minuto"},"schema":{"@context":"https:\/\/schema.org","@graph":[{"@type":"WebPage","@id":"https:\/\/cuiaba.eleusal.com\/es\/visita-de-los-directores-de-ele-usal-cuiaba-a-la-universidad-de-salamanca\/","url":"https:\/\/cuiaba.eleusal.com\/es\/visita-de-los-directores-de-ele-usal-cuiaba-a-la-universidad-de-salamanca\/","name":"VISITA DE LOS DIRECTORES DE ELE USAL CUIAB\u00c1 A LA UNIVERSIDAD DE SALAMANCA - ELE USAL Cuiab\u00e1","isPartOf":{"@id":"https:\/\/cuiaba.eleusal.com\/#website"},"primaryImageOfPage":{"@id":"https:\/\/cuiaba.eleusal.com\/es\/visita-de-los-directores-de-ele-usal-cuiaba-a-la-universidad-de-salamanca\/#primaryimage"},"image":{"@id":"https:\/\/cuiaba.eleusal.com\/es\/visita-de-los-directores-de-ele-usal-cuiaba-a-la-universidad-de-salamanca\/#primaryimage"},"thumbnailUrl":"https:\/\/cuiaba.eleusal.com\/wp-content\/uploads\/sites\/19\/2020\/09\/DSC00178-1024x768-1-300x225.jpg","datePublished":"2020-09-09T23:15:54+00:00","dateModified":"2020-09-09T23:16:04+00:00","author":{"@id":"https:\/\/cuiaba.eleusal.com\/#\/schema\/person\/3cf0dc8938baadf7623ca993a3921529"},"breadcrumb":{"@id":"https:\/\/cuiaba.eleusal.com\/es\/visita-de-los-directores-de-ele-usal-cuiaba-a-la-universidad-de-salamanca\/#breadcrumb"},"inLanguage":"es","potentialAction":[{"@type":"ReadAction","target":["https:\/\/cuiaba.eleusal.com\/es\/visita-de-los-directores-de-ele-usal-cuiaba-a-la-universidad-de-salamanca\/"]}]},{"@type":"ImageObject","inLanguage":"es","@id":"https:\/\/cuiaba.eleusal.com\/es\/visita-de-los-directores-de-ele-usal-cuiaba-a-la-universidad-de-salamanca\/#primaryimage","url":"https:\/\/cuiaba.eleusal.com\/wp-content\/uploads\/sites\/19\/2020\/09\/DSC00178-1024x768-1-300x225.jpg","contentUrl":"https:\/\/cuiaba.eleusal.com\/wp-content\/uploads\/sites\/19\/2020\/09\/DSC00178-1024x768-1-300x225.jpg"},{"@type":"BreadcrumbList","@id":"https:\/\/cuiaba.eleusal.com\/es\/visita-de-los-directores-de-ele-usal-cuiaba-a-la-universidad-de-salamanca\/#breadcrumb","itemListElement":[{"@type":"ListItem","position":1,"name":"Home","item":"https:\/\/cuiaba.eleusal.com\/es\/"},{"@type":"ListItem","position":2,"name":"VISITA DE LOS DIRECTORES DE ELE USAL CUIAB\u00c1 A LA UNIVERSIDAD DE SALAMANCA"}]},{"@type":"WebSite","@id":"https:\/\/cuiaba.eleusal.com\/#website","url":"https:\/\/cuiaba.eleusal.com\/","name":"ELE USAL Cuiab\u00e1","description":"ELE USAL","potentialAction":[{"@type":"SearchAction","target":{"@type":"EntryPoint","urlTemplate":"https:\/\/cuiaba.eleusal.com\/?s={search_term_string}"},"query-input":{"@type":"PropertyValueSpecification","valueRequired":true,"valueName":"search_term_string"}}],"inLanguage":"es"},{"@type":"Person","@id":"https:\/\/cuiaba.eleusal.com\/#\/schema\/person\/3cf0dc8938baadf7623ca993a3921529","name":"cuiaba","image":{"@type":"ImageObject","inLanguage":"es","@id":"https:\/\/cuiaba.eleusal.com\/#\/schema\/person\/image\/","url":"https:\/\/secure.gravatar.com\/avatar\/047347f729b414e43ddc7ff00fb8c05f?s=96&d=mm&r=g","contentUrl":"https:\/\/secure.gravatar.com\/avatar\/047347f729b414e43ddc7ff00fb8c05f?s=96&d=mm&r=g","caption":"cuiaba"},"url":"https:\/\/cuiaba.eleusal.com\/es\/author\/cuiaba\/"}]}},"_links":{"self":[{"href":"https:\/\/cuiaba.eleusal.com\/es\/wp-json\/wp\/v2\/posts\/1527","targetHints":{"allow":["GET"]}}],"collection":[{"href":"https:\/\/cuiaba.eleusal.com\/es\/wp-json\/wp\/v2\/posts"}],"about":[{"href":"https:\/\/cuiaba.eleusal.com\/es\/wp-json\/wp\/v2\/types\/post"}],"author":[{"embeddable":true,"href":"https:\/\/cuiaba.eleusal.com\/es\/wp-json\/wp\/v2\/users\/18"}],"replies":[{"embeddable":true,"href":"https:\/\/cuiaba.eleusal.com\/es\/wp-json\/wp\/v2\/comments?post=1527"}],"version-history":[{"count":1,"href":"https:\/\/cuiaba.eleusal.com\/es\/wp-json\/wp\/v2\/posts\/1527\/revisions"}],"predecessor-version":[{"id":1531,"href":"https:\/\/cuiaba.eleusal.com\/es\/wp-json\/wp\/v2\/posts\/1527\/revisions\/1531"}],"wp:attachment":[{"href":"https:\/\/cuiaba.eleusal.com\/es\/wp-json\/wp\/v2\/media?parent=1527"}],"wp:term":[{"taxonomy":"category","embeddable":true,"href":"https:\/\/cuiaba.eleusal.com\/es\/wp-json\/wp\/v2\/categories?post=1527"},{"taxonomy":"post_tag","embeddable":true,"href":"https:\/\/cuiaba.eleusal.com\/es\/wp-json\/wp\/v2\/tags?post=1527"}],"curies":[{"name":"wp","href":"https:\/\/api.w.org\/{rel}","templated":true}]}}