{"id":1534,"date":"2020-09-10T01:23:07","date_gmt":"2020-09-09T23:23:07","guid":{"rendered":"https:\/\/cuiaba.eleusal.com\/?p=1534"},"modified":"2020-09-10T01:23:07","modified_gmt":"2020-09-09T23:23:07","slug":"participacion-de-la-escuela-ele-usal-cuiaba-en-el-evento-workif-2016","status":"publish","type":"post","link":"https:\/\/cuiaba.eleusal.com\/es\/participacion-de-la-escuela-ele-usal-cuiaba-en-el-evento-workif-2016\/","title":{"rendered":"Participaci\u00f3n de la Escuela ELE USAL Cuiab\u00e1 en el evento WORKIF 2016"},"content":{"rendered":"<p>La escuela ELE USAL Cuiab\u00e1 particip\u00f3 del evento WORKIF 2016 celebrado en la ciudad de Cuiab\u00e1 en el Centro de Eventos Pantanal, con la presencia de diferentes Rectores de Universidades Brasile\u00f1as. Los Directores ELE USAL Cuiab\u00e1 Uyara Magalh\u00e3es de Melo y Jorge Caballero Fiel tuvieron la ocasi\u00f3n de dar a conocer a la comunidad del Instituto Federal de Mato Grosso (compuesto de 11 Campus repartidos por el Estado de Mato Grosso) la importancia del espa\u00f1ol en la ciudad de Cuiab\u00e1 y el Estado de Mato Grosso.<\/p>\n<p><img loading=\"lazy\" decoding=\"async\" class=\"alignnone size-full wp-image-1535\" src=\"https:\/\/cuiaba.eleusal.com\/wp-content\/uploads\/sites\/19\/2020\/09\/workif_2-300x168-1.jpg\" alt=\"\" width=\"300\" height=\"168\" \/> <img loading=\"lazy\" decoding=\"async\" class=\"alignnone size-medium wp-image-1538\" src=\"https:\/\/cuiaba.eleusal.com\/wp-content\/uploads\/sites\/19\/2020\/09\/workif-2016-300x180-1.jpg\" alt=\"\" width=\"300\" height=\"180\" \/><\/p>\n","protected":false},"excerpt":{"rendered":"<p>La escuela ELE USAL Cuiab\u00e1 particip\u00f3 del evento WORKIF 2016 celebrado en la ciudad de Cuiab\u00e1 en el Centro de Eventos Pantanal, con la presencia de diferentes Rectores de Universidades Brasile\u00f1as. Los Directores ELE USAL Cuiab\u00e1 Uyara Magalh\u00e3es de Melo y Jorge Caballero Fiel tuvieron&#8230;<\/p>\n","protected":false},"author":18,"featured_media":0,"comment_status":"closed","ping_status":"open","sticky":false,"template":"","format":"standard","meta":{"footnotes":""},"categories":[93],"tags":[],"class_list":["post-1534","post","type-post","status-publish","format-standard","hentry","category-sin-categorizar"],"yoast_head":"<!-- This site is optimized with the Yoast SEO plugin v24.2 - https:\/\/yoast.com\/wordpress\/plugins\/seo\/ -->\n<title>Participaci\u00f3n de la Escuela ELE USAL Cuiab\u00e1 en el evento WORKIF 2016 - ELE USAL Cuiab\u00e1<\/title>\n<meta name=\"robots\" content=\"index, follow, max-snippet:-1, max-image-preview:large, max-video-preview:-1\" \/>\n<link rel=\"canonical\" href=\"https:\/\/cuiaba.eleusal.com\/es\/participacion-de-la-escuela-ele-usal-cuiaba-en-el-evento-workif-2016\/\" \/>\n<meta property=\"og:locale\" content=\"es_ES\" \/>\n<meta property=\"og:type\" content=\"article\" \/>\n<meta property=\"og:title\" content=\"Participaci\u00f3n de la Escuela ELE USAL Cuiab\u00e1 en el evento WORKIF 2016 - ELE USAL Cuiab\u00e1\" \/>\n<meta property=\"og:description\" content=\"La escuela ELE USAL Cuiab\u00e1 particip\u00f3 del evento WORKIF 2016 celebrado en la ciudad de Cuiab\u00e1 en el Centro de Eventos Pantanal, con la presencia de diferentes Rectores de Universidades Brasile\u00f1as. Los Directores ELE USAL Cuiab\u00e1 Uyara Magalh\u00e3es de Melo y Jorge Caballero Fiel tuvieron...\" \/>\n<meta property=\"og:url\" content=\"https:\/\/cuiaba.eleusal.com\/es\/participacion-de-la-escuela-ele-usal-cuiaba-en-el-evento-workif-2016\/\" \/>\n<meta property=\"og:site_name\" content=\"ELE USAL Cuiab\u00e1\" \/>\n<meta property=\"article:published_time\" content=\"2020-09-09T23:23:07+00:00\" \/>\n<meta property=\"og:image\" content=\"https:\/\/cuiaba.eleusal.com\/wp-content\/uploads\/sites\/19\/2020\/09\/workif_2-300x168-1.jpg\" \/>\n\t<meta property=\"og:image:width\" content=\"300\" \/>\n\t<meta property=\"og:image:height\" content=\"168\" \/>\n\t<meta property=\"og:image:type\" content=\"image\/jpeg\" \/>\n<meta name=\"author\" content=\"cuiaba\" \/>\n<meta name=\"twitter:card\" content=\"summary_large_image\" \/>\n<meta name=\"twitter:label1\" content=\"Escrito por\" \/>\n\t<meta name=\"twitter:data1\" content=\"cuiaba\" \/>\n<script type=\"application\/ld+json\" class=\"yoast-schema-graph\">{\"@context\":\"https:\/\/schema.org\",\"@graph\":[{\"@type\":\"WebPage\",\"@id\":\"https:\/\/cuiaba.eleusal.com\/es\/participacion-de-la-escuela-ele-usal-cuiaba-en-el-evento-workif-2016\/\",\"url\":\"https:\/\/cuiaba.eleusal.com\/es\/participacion-de-la-escuela-ele-usal-cuiaba-en-el-evento-workif-2016\/\",\"name\":\"Participaci\u00f3n de la Escuela ELE USAL Cuiab\u00e1 en el evento WORKIF 2016 - ELE USAL Cuiab\u00e1\",\"isPartOf\":{\"@id\":\"https:\/\/cuiaba.eleusal.com\/#website\"},\"primaryImageOfPage\":{\"@id\":\"https:\/\/cuiaba.eleusal.com\/es\/participacion-de-la-escuela-ele-usal-cuiaba-en-el-evento-workif-2016\/#primaryimage\"},\"image\":{\"@id\":\"https:\/\/cuiaba.eleusal.com\/es\/participacion-de-la-escuela-ele-usal-cuiaba-en-el-evento-workif-2016\/#primaryimage\"},\"thumbnailUrl\":\"https:\/\/cuiaba.eleusal.com\/wp-content\/uploads\/sites\/19\/2020\/09\/workif_2-300x168-1.jpg\",\"datePublished\":\"2020-09-09T23:23:07+00:00\",\"dateModified\":\"2020-09-09T23:23:07+00:00\",\"author\":{\"@id\":\"https:\/\/cuiaba.eleusal.com\/#\/schema\/person\/3cf0dc8938baadf7623ca993a3921529\"},\"breadcrumb\":{\"@id\":\"https:\/\/cuiaba.eleusal.com\/es\/participacion-de-la-escuela-ele-usal-cuiaba-en-el-evento-workif-2016\/#breadcrumb\"},\"inLanguage\":\"es\",\"potentialAction\":[{\"@type\":\"ReadAction\",\"target\":[\"https:\/\/cuiaba.eleusal.com\/es\/participacion-de-la-escuela-ele-usal-cuiaba-en-el-evento-workif-2016\/\"]}]},{\"@type\":\"ImageObject\",\"inLanguage\":\"es\",\"@id\":\"https:\/\/cuiaba.eleusal.com\/es\/participacion-de-la-escuela-ele-usal-cuiaba-en-el-evento-workif-2016\/#primaryimage\",\"url\":\"https:\/\/cuiaba.eleusal.com\/wp-content\/uploads\/sites\/19\/2020\/09\/workif_2-300x168-1.jpg\",\"contentUrl\":\"https:\/\/cuiaba.eleusal.com\/wp-content\/uploads\/sites\/19\/2020\/09\/workif_2-300x168-1.jpg\"},{\"@type\":\"BreadcrumbList\",\"@id\":\"https:\/\/cuiaba.eleusal.com\/es\/participacion-de-la-escuela-ele-usal-cuiaba-en-el-evento-workif-2016\/#breadcrumb\",\"itemListElement\":[{\"@type\":\"ListItem\",\"position\":1,\"name\":\"Home\",\"item\":\"https:\/\/cuiaba.eleusal.com\/es\/\"},{\"@type\":\"ListItem\",\"position\":2,\"name\":\"Participaci\u00f3n de la Escuela ELE USAL Cuiab\u00e1 en el evento WORKIF 2016\"}]},{\"@type\":\"WebSite\",\"@id\":\"https:\/\/cuiaba.eleusal.com\/#website\",\"url\":\"https:\/\/cuiaba.eleusal.com\/\",\"name\":\"ELE USAL Cuiab\u00e1\",\"description\":\"ELE USAL\",\"potentialAction\":[{\"@type\":\"SearchAction\",\"target\":{\"@type\":\"EntryPoint\",\"urlTemplate\":\"https:\/\/cuiaba.eleusal.com\/?s={search_term_string}\"},\"query-input\":{\"@type\":\"PropertyValueSpecification\",\"valueRequired\":true,\"valueName\":\"search_term_string\"}}],\"inLanguage\":\"es\"},{\"@type\":\"Person\",\"@id\":\"https:\/\/cuiaba.eleusal.com\/#\/schema\/person\/3cf0dc8938baadf7623ca993a3921529\",\"name\":\"cuiaba\",\"image\":{\"@type\":\"ImageObject\",\"inLanguage\":\"es\",\"@id\":\"https:\/\/cuiaba.eleusal.com\/#\/schema\/person\/image\/\",\"url\":\"https:\/\/secure.gravatar.com\/avatar\/047347f729b414e43ddc7ff00fb8c05f?s=96&d=mm&r=g\",\"contentUrl\":\"https:\/\/secure.gravatar.com\/avatar\/047347f729b414e43ddc7ff00fb8c05f?s=96&d=mm&r=g\",\"caption\":\"cuiaba\"},\"url\":\"https:\/\/cuiaba.eleusal.com\/es\/author\/cuiaba\/\"}]}<\/script>\n<!-- \/ Yoast SEO plugin. -->","yoast_head_json":{"title":"Participaci\u00f3n de la Escuela ELE USAL Cuiab\u00e1 en el evento WORKIF 2016 - ELE USAL Cuiab\u00e1","robots":{"index":"index","follow":"follow","max-snippet":"max-snippet:-1","max-image-preview":"max-image-preview:large","max-video-preview":"max-video-preview:-1"},"canonical":"https:\/\/cuiaba.eleusal.com\/es\/participacion-de-la-escuela-ele-usal-cuiaba-en-el-evento-workif-2016\/","og_locale":"es_ES","og_type":"article","og_title":"Participaci\u00f3n de la Escuela ELE USAL Cuiab\u00e1 en el evento WORKIF 2016 - ELE USAL Cuiab\u00e1","og_description":"La escuela ELE USAL Cuiab\u00e1 particip\u00f3 del evento WORKIF 2016 celebrado en la ciudad de Cuiab\u00e1 en el Centro de Eventos Pantanal, con la presencia de diferentes Rectores de Universidades Brasile\u00f1as. Los Directores ELE USAL Cuiab\u00e1 Uyara Magalh\u00e3es de Melo y Jorge Caballero Fiel tuvieron...","og_url":"https:\/\/cuiaba.eleusal.com\/es\/participacion-de-la-escuela-ele-usal-cuiaba-en-el-evento-workif-2016\/","og_site_name":"ELE USAL Cuiab\u00e1","article_published_time":"2020-09-09T23:23:07+00:00","og_image":[{"width":300,"height":168,"url":"https:\/\/cuiaba.eleusal.com\/wp-content\/uploads\/sites\/19\/2020\/09\/workif_2-300x168-1.jpg","type":"image\/jpeg"}],"author":"cuiaba","twitter_card":"summary_large_image","twitter_misc":{"Escrito por":"cuiaba"},"schema":{"@context":"https:\/\/schema.org","@graph":[{"@type":"WebPage","@id":"https:\/\/cuiaba.eleusal.com\/es\/participacion-de-la-escuela-ele-usal-cuiaba-en-el-evento-workif-2016\/","url":"https:\/\/cuiaba.eleusal.com\/es\/participacion-de-la-escuela-ele-usal-cuiaba-en-el-evento-workif-2016\/","name":"Participaci\u00f3n de la Escuela ELE USAL Cuiab\u00e1 en el evento WORKIF 2016 - ELE USAL Cuiab\u00e1","isPartOf":{"@id":"https:\/\/cuiaba.eleusal.com\/#website"},"primaryImageOfPage":{"@id":"https:\/\/cuiaba.eleusal.com\/es\/participacion-de-la-escuela-ele-usal-cuiaba-en-el-evento-workif-2016\/#primaryimage"},"image":{"@id":"https:\/\/cuiaba.eleusal.com\/es\/participacion-de-la-escuela-ele-usal-cuiaba-en-el-evento-workif-2016\/#primaryimage"},"thumbnailUrl":"https:\/\/cuiaba.eleusal.com\/wp-content\/uploads\/sites\/19\/2020\/09\/workif_2-300x168-1.jpg","datePublished":"2020-09-09T23:23:07+00:00","dateModified":"2020-09-09T23:23:07+00:00","author":{"@id":"https:\/\/cuiaba.eleusal.com\/#\/schema\/person\/3cf0dc8938baadf7623ca993a3921529"},"breadcrumb":{"@id":"https:\/\/cuiaba.eleusal.com\/es\/participacion-de-la-escuela-ele-usal-cuiaba-en-el-evento-workif-2016\/#breadcrumb"},"inLanguage":"es","potentialAction":[{"@type":"ReadAction","target":["https:\/\/cuiaba.eleusal.com\/es\/participacion-de-la-escuela-ele-usal-cuiaba-en-el-evento-workif-2016\/"]}]},{"@type":"ImageObject","inLanguage":"es","@id":"https:\/\/cuiaba.eleusal.com\/es\/participacion-de-la-escuela-ele-usal-cuiaba-en-el-evento-workif-2016\/#primaryimage","url":"https:\/\/cuiaba.eleusal.com\/wp-content\/uploads\/sites\/19\/2020\/09\/workif_2-300x168-1.jpg","contentUrl":"https:\/\/cuiaba.eleusal.com\/wp-content\/uploads\/sites\/19\/2020\/09\/workif_2-300x168-1.jpg"},{"@type":"BreadcrumbList","@id":"https:\/\/cuiaba.eleusal.com\/es\/participacion-de-la-escuela-ele-usal-cuiaba-en-el-evento-workif-2016\/#breadcrumb","itemListElement":[{"@type":"ListItem","position":1,"name":"Home","item":"https:\/\/cuiaba.eleusal.com\/es\/"},{"@type":"ListItem","position":2,"name":"Participaci\u00f3n de la Escuela ELE USAL Cuiab\u00e1 en el evento WORKIF 2016"}]},{"@type":"WebSite","@id":"https:\/\/cuiaba.eleusal.com\/#website","url":"https:\/\/cuiaba.eleusal.com\/","name":"ELE USAL Cuiab\u00e1","description":"ELE USAL","potentialAction":[{"@type":"SearchAction","target":{"@type":"EntryPoint","urlTemplate":"https:\/\/cuiaba.eleusal.com\/?s={search_term_string}"},"query-input":{"@type":"PropertyValueSpecification","valueRequired":true,"valueName":"search_term_string"}}],"inLanguage":"es"},{"@type":"Person","@id":"https:\/\/cuiaba.eleusal.com\/#\/schema\/person\/3cf0dc8938baadf7623ca993a3921529","name":"cuiaba","image":{"@type":"ImageObject","inLanguage":"es","@id":"https:\/\/cuiaba.eleusal.com\/#\/schema\/person\/image\/","url":"https:\/\/secure.gravatar.com\/avatar\/047347f729b414e43ddc7ff00fb8c05f?s=96&d=mm&r=g","contentUrl":"https:\/\/secure.gravatar.com\/avatar\/047347f729b414e43ddc7ff00fb8c05f?s=96&d=mm&r=g","caption":"cuiaba"},"url":"https:\/\/cuiaba.eleusal.com\/es\/author\/cuiaba\/"}]}},"_links":{"self":[{"href":"https:\/\/cuiaba.eleusal.com\/es\/wp-json\/wp\/v2\/posts\/1534","targetHints":{"allow":["GET"]}}],"collection":[{"href":"https:\/\/cuiaba.eleusal.com\/es\/wp-json\/wp\/v2\/posts"}],"about":[{"href":"https:\/\/cuiaba.eleusal.com\/es\/wp-json\/wp\/v2\/types\/post"}],"author":[{"embeddable":true,"href":"https:\/\/cuiaba.eleusal.com\/es\/wp-json\/wp\/v2\/users\/18"}],"replies":[{"embeddable":true,"href":"https:\/\/cuiaba.eleusal.com\/es\/wp-json\/wp\/v2\/comments?post=1534"}],"version-history":[{"count":1,"href":"https:\/\/cuiaba.eleusal.com\/es\/wp-json\/wp\/v2\/posts\/1534\/revisions"}],"predecessor-version":[{"id":1541,"href":"https:\/\/cuiaba.eleusal.com\/es\/wp-json\/wp\/v2\/posts\/1534\/revisions\/1541"}],"wp:attachment":[{"href":"https:\/\/cuiaba.eleusal.com\/es\/wp-json\/wp\/v2\/media?parent=1534"}],"wp:term":[{"taxonomy":"category","embeddable":true,"href":"https:\/\/cuiaba.eleusal.com\/es\/wp-json\/wp\/v2\/categories?post=1534"},{"taxonomy":"post_tag","embeddable":true,"href":"https:\/\/cuiaba.eleusal.com\/es\/wp-json\/wp\/v2\/tags?post=1534"}],"curies":[{"name":"wp","href":"https:\/\/api.w.org\/{rel}","templated":true}]}}