{"id":1551,"date":"2020-09-10T01:42:45","date_gmt":"2020-09-09T23:42:45","guid":{"rendered":"https:\/\/cuiaba.eleusal.com\/?p=1551"},"modified":"2020-09-10T01:42:45","modified_gmt":"2020-09-09T23:42:45","slug":"presentacion-de-la-escuela-ele-usal-cuiaba-al-gobernador-del-estado-de-mato-grosso","status":"publish","type":"post","link":"https:\/\/cuiaba.eleusal.com\/es\/presentacion-de-la-escuela-ele-usal-cuiaba-al-gobernador-del-estado-de-mato-grosso\/","title":{"rendered":"Presentaci\u00f3n de la Escuela ELE USAL Cuiab\u00e1 al Gobernador del Estado de Mato Grosso"},"content":{"rendered":"<p>La Escuela de Lengua Espa\u00f1ola de la Universidad de Salamanca \u2013 ELEUSAL Cuiab\u00e1 hizo su \u00a0presentaci\u00f3n al \u00a0Excmo. Se\u00f1or Gobernador Pedro Taques. \u00a0 En el acto estuvo presente la Vicerrectora de internacionalizaci\u00f3n Mar\u00eda \u00c1ngeles Serrano Garc\u00eda, el Consejero Delgado de las Escuelas de Lengua Espa\u00f1ola Jos\u00e9 Miguel S\u00e1nchez Llorente, y los directores de la escuela ELE USAL Cuiab\u00e1 Uyara Magal\u00e3es de Melo y Jorge Caballero Fiel, abordando la importancia del espa\u00f1ol en la ciudad de Cuiab\u00e1 y en el Estado de Mato Grosso.<\/p>\n<p><img loading=\"lazy\" decoding=\"async\" class=\"alignnone size-full wp-image-1552\" src=\"https:\/\/cuiaba.eleusal.com\/wp-content\/uploads\/sites\/19\/2020\/09\/governador_2-300x202-1.jpg\" alt=\"\" width=\"300\" height=\"202\" \/> <img loading=\"lazy\" decoding=\"async\" class=\"alignnone size-medium wp-image-1555\" src=\"https:\/\/cuiaba.eleusal.com\/wp-content\/uploads\/sites\/19\/2020\/09\/governador-300x205-1.jpg\" alt=\"\" width=\"300\" height=\"205\" \/><\/p>\n","protected":false},"excerpt":{"rendered":"<p>La Escuela de Lengua Espa\u00f1ola de la Universidad de Salamanca \u2013 ELEUSAL Cuiab\u00e1 hizo su \u00a0presentaci\u00f3n al \u00a0Excmo. Se\u00f1or Gobernador Pedro Taques. \u00a0 En el acto estuvo presente la Vicerrectora de internacionalizaci\u00f3n Mar\u00eda \u00c1ngeles Serrano Garc\u00eda, el Consejero Delgado de las Escuelas de Lengua Espa\u00f1ola&#8230;<\/p>\n","protected":false},"author":18,"featured_media":0,"comment_status":"closed","ping_status":"open","sticky":false,"template":"","format":"standard","meta":{"footnotes":""},"categories":[93],"tags":[],"class_list":["post-1551","post","type-post","status-publish","format-standard","hentry","category-sin-categorizar"],"yoast_head":"<!-- This site is optimized with the Yoast SEO plugin v24.2 - https:\/\/yoast.com\/wordpress\/plugins\/seo\/ -->\n<title>Presentaci\u00f3n de la Escuela ELE USAL Cuiab\u00e1 al Gobernador del Estado de Mato Grosso - ELE USAL Cuiab\u00e1<\/title>\n<meta name=\"robots\" content=\"index, follow, max-snippet:-1, max-image-preview:large, max-video-preview:-1\" \/>\n<link rel=\"canonical\" href=\"https:\/\/cuiaba.eleusal.com\/es\/presentacion-de-la-escuela-ele-usal-cuiaba-al-gobernador-del-estado-de-mato-grosso\/\" \/>\n<meta property=\"og:locale\" content=\"es_ES\" \/>\n<meta property=\"og:type\" content=\"article\" \/>\n<meta property=\"og:title\" content=\"Presentaci\u00f3n de la Escuela ELE USAL Cuiab\u00e1 al Gobernador del Estado de Mato Grosso - ELE USAL Cuiab\u00e1\" \/>\n<meta property=\"og:description\" content=\"La Escuela de Lengua Espa\u00f1ola de la Universidad de Salamanca \u2013 ELEUSAL Cuiab\u00e1 hizo su \u00a0presentaci\u00f3n al \u00a0Excmo. Se\u00f1or Gobernador Pedro Taques. \u00a0 En el acto estuvo presente la Vicerrectora de internacionalizaci\u00f3n Mar\u00eda \u00c1ngeles Serrano Garc\u00eda, el Consejero Delgado de las Escuelas de Lengua Espa\u00f1ola...\" \/>\n<meta property=\"og:url\" content=\"https:\/\/cuiaba.eleusal.com\/es\/presentacion-de-la-escuela-ele-usal-cuiaba-al-gobernador-del-estado-de-mato-grosso\/\" \/>\n<meta property=\"og:site_name\" content=\"ELE USAL Cuiab\u00e1\" \/>\n<meta property=\"article:published_time\" content=\"2020-09-09T23:42:45+00:00\" \/>\n<meta property=\"og:image\" content=\"https:\/\/cuiaba.eleusal.com\/wp-content\/uploads\/sites\/19\/2020\/09\/governador_2-300x202-1.jpg\" \/>\n\t<meta property=\"og:image:width\" content=\"300\" \/>\n\t<meta property=\"og:image:height\" content=\"202\" \/>\n\t<meta property=\"og:image:type\" content=\"image\/jpeg\" \/>\n<meta name=\"author\" content=\"cuiaba\" \/>\n<meta name=\"twitter:card\" content=\"summary_large_image\" \/>\n<meta name=\"twitter:label1\" content=\"Escrito por\" \/>\n\t<meta name=\"twitter:data1\" content=\"cuiaba\" \/>\n<script type=\"application\/ld+json\" class=\"yoast-schema-graph\">{\"@context\":\"https:\/\/schema.org\",\"@graph\":[{\"@type\":\"WebPage\",\"@id\":\"https:\/\/cuiaba.eleusal.com\/es\/presentacion-de-la-escuela-ele-usal-cuiaba-al-gobernador-del-estado-de-mato-grosso\/\",\"url\":\"https:\/\/cuiaba.eleusal.com\/es\/presentacion-de-la-escuela-ele-usal-cuiaba-al-gobernador-del-estado-de-mato-grosso\/\",\"name\":\"Presentaci\u00f3n de la Escuela ELE USAL Cuiab\u00e1 al Gobernador del Estado de Mato Grosso - ELE USAL Cuiab\u00e1\",\"isPartOf\":{\"@id\":\"https:\/\/cuiaba.eleusal.com\/#website\"},\"primaryImageOfPage\":{\"@id\":\"https:\/\/cuiaba.eleusal.com\/es\/presentacion-de-la-escuela-ele-usal-cuiaba-al-gobernador-del-estado-de-mato-grosso\/#primaryimage\"},\"image\":{\"@id\":\"https:\/\/cuiaba.eleusal.com\/es\/presentacion-de-la-escuela-ele-usal-cuiaba-al-gobernador-del-estado-de-mato-grosso\/#primaryimage\"},\"thumbnailUrl\":\"https:\/\/cuiaba.eleusal.com\/wp-content\/uploads\/sites\/19\/2020\/09\/governador_2-300x202-1.jpg\",\"datePublished\":\"2020-09-09T23:42:45+00:00\",\"dateModified\":\"2020-09-09T23:42:45+00:00\",\"author\":{\"@id\":\"https:\/\/cuiaba.eleusal.com\/#\/schema\/person\/3cf0dc8938baadf7623ca993a3921529\"},\"breadcrumb\":{\"@id\":\"https:\/\/cuiaba.eleusal.com\/es\/presentacion-de-la-escuela-ele-usal-cuiaba-al-gobernador-del-estado-de-mato-grosso\/#breadcrumb\"},\"inLanguage\":\"es\",\"potentialAction\":[{\"@type\":\"ReadAction\",\"target\":[\"https:\/\/cuiaba.eleusal.com\/es\/presentacion-de-la-escuela-ele-usal-cuiaba-al-gobernador-del-estado-de-mato-grosso\/\"]}]},{\"@type\":\"ImageObject\",\"inLanguage\":\"es\",\"@id\":\"https:\/\/cuiaba.eleusal.com\/es\/presentacion-de-la-escuela-ele-usal-cuiaba-al-gobernador-del-estado-de-mato-grosso\/#primaryimage\",\"url\":\"https:\/\/cuiaba.eleusal.com\/wp-content\/uploads\/sites\/19\/2020\/09\/governador_2-300x202-1.jpg\",\"contentUrl\":\"https:\/\/cuiaba.eleusal.com\/wp-content\/uploads\/sites\/19\/2020\/09\/governador_2-300x202-1.jpg\"},{\"@type\":\"BreadcrumbList\",\"@id\":\"https:\/\/cuiaba.eleusal.com\/es\/presentacion-de-la-escuela-ele-usal-cuiaba-al-gobernador-del-estado-de-mato-grosso\/#breadcrumb\",\"itemListElement\":[{\"@type\":\"ListItem\",\"position\":1,\"name\":\"Home\",\"item\":\"https:\/\/cuiaba.eleusal.com\/es\/\"},{\"@type\":\"ListItem\",\"position\":2,\"name\":\"Presentaci\u00f3n de la Escuela ELE USAL Cuiab\u00e1 al Gobernador del Estado de Mato Grosso\"}]},{\"@type\":\"WebSite\",\"@id\":\"https:\/\/cuiaba.eleusal.com\/#website\",\"url\":\"https:\/\/cuiaba.eleusal.com\/\",\"name\":\"ELE USAL Cuiab\u00e1\",\"description\":\"ELE USAL\",\"potentialAction\":[{\"@type\":\"SearchAction\",\"target\":{\"@type\":\"EntryPoint\",\"urlTemplate\":\"https:\/\/cuiaba.eleusal.com\/?s={search_term_string}\"},\"query-input\":{\"@type\":\"PropertyValueSpecification\",\"valueRequired\":true,\"valueName\":\"search_term_string\"}}],\"inLanguage\":\"es\"},{\"@type\":\"Person\",\"@id\":\"https:\/\/cuiaba.eleusal.com\/#\/schema\/person\/3cf0dc8938baadf7623ca993a3921529\",\"name\":\"cuiaba\",\"image\":{\"@type\":\"ImageObject\",\"inLanguage\":\"es\",\"@id\":\"https:\/\/cuiaba.eleusal.com\/#\/schema\/person\/image\/\",\"url\":\"https:\/\/secure.gravatar.com\/avatar\/047347f729b414e43ddc7ff00fb8c05f?s=96&d=mm&r=g\",\"contentUrl\":\"https:\/\/secure.gravatar.com\/avatar\/047347f729b414e43ddc7ff00fb8c05f?s=96&d=mm&r=g\",\"caption\":\"cuiaba\"},\"url\":\"https:\/\/cuiaba.eleusal.com\/es\/author\/cuiaba\/\"}]}<\/script>\n<!-- \/ Yoast SEO plugin. -->","yoast_head_json":{"title":"Presentaci\u00f3n de la Escuela ELE USAL Cuiab\u00e1 al Gobernador del Estado de Mato Grosso - ELE USAL Cuiab\u00e1","robots":{"index":"index","follow":"follow","max-snippet":"max-snippet:-1","max-image-preview":"max-image-preview:large","max-video-preview":"max-video-preview:-1"},"canonical":"https:\/\/cuiaba.eleusal.com\/es\/presentacion-de-la-escuela-ele-usal-cuiaba-al-gobernador-del-estado-de-mato-grosso\/","og_locale":"es_ES","og_type":"article","og_title":"Presentaci\u00f3n de la Escuela ELE USAL Cuiab\u00e1 al Gobernador del Estado de Mato Grosso - ELE USAL Cuiab\u00e1","og_description":"La Escuela de Lengua Espa\u00f1ola de la Universidad de Salamanca \u2013 ELEUSAL Cuiab\u00e1 hizo su \u00a0presentaci\u00f3n al \u00a0Excmo. Se\u00f1or Gobernador Pedro Taques. \u00a0 En el acto estuvo presente la Vicerrectora de internacionalizaci\u00f3n Mar\u00eda \u00c1ngeles Serrano Garc\u00eda, el Consejero Delgado de las Escuelas de Lengua Espa\u00f1ola...","og_url":"https:\/\/cuiaba.eleusal.com\/es\/presentacion-de-la-escuela-ele-usal-cuiaba-al-gobernador-del-estado-de-mato-grosso\/","og_site_name":"ELE USAL Cuiab\u00e1","article_published_time":"2020-09-09T23:42:45+00:00","og_image":[{"width":300,"height":202,"url":"https:\/\/cuiaba.eleusal.com\/wp-content\/uploads\/sites\/19\/2020\/09\/governador_2-300x202-1.jpg","type":"image\/jpeg"}],"author":"cuiaba","twitter_card":"summary_large_image","twitter_misc":{"Escrito por":"cuiaba"},"schema":{"@context":"https:\/\/schema.org","@graph":[{"@type":"WebPage","@id":"https:\/\/cuiaba.eleusal.com\/es\/presentacion-de-la-escuela-ele-usal-cuiaba-al-gobernador-del-estado-de-mato-grosso\/","url":"https:\/\/cuiaba.eleusal.com\/es\/presentacion-de-la-escuela-ele-usal-cuiaba-al-gobernador-del-estado-de-mato-grosso\/","name":"Presentaci\u00f3n de la Escuela ELE USAL Cuiab\u00e1 al Gobernador del Estado de Mato Grosso - ELE USAL Cuiab\u00e1","isPartOf":{"@id":"https:\/\/cuiaba.eleusal.com\/#website"},"primaryImageOfPage":{"@id":"https:\/\/cuiaba.eleusal.com\/es\/presentacion-de-la-escuela-ele-usal-cuiaba-al-gobernador-del-estado-de-mato-grosso\/#primaryimage"},"image":{"@id":"https:\/\/cuiaba.eleusal.com\/es\/presentacion-de-la-escuela-ele-usal-cuiaba-al-gobernador-del-estado-de-mato-grosso\/#primaryimage"},"thumbnailUrl":"https:\/\/cuiaba.eleusal.com\/wp-content\/uploads\/sites\/19\/2020\/09\/governador_2-300x202-1.jpg","datePublished":"2020-09-09T23:42:45+00:00","dateModified":"2020-09-09T23:42:45+00:00","author":{"@id":"https:\/\/cuiaba.eleusal.com\/#\/schema\/person\/3cf0dc8938baadf7623ca993a3921529"},"breadcrumb":{"@id":"https:\/\/cuiaba.eleusal.com\/es\/presentacion-de-la-escuela-ele-usal-cuiaba-al-gobernador-del-estado-de-mato-grosso\/#breadcrumb"},"inLanguage":"es","potentialAction":[{"@type":"ReadAction","target":["https:\/\/cuiaba.eleusal.com\/es\/presentacion-de-la-escuela-ele-usal-cuiaba-al-gobernador-del-estado-de-mato-grosso\/"]}]},{"@type":"ImageObject","inLanguage":"es","@id":"https:\/\/cuiaba.eleusal.com\/es\/presentacion-de-la-escuela-ele-usal-cuiaba-al-gobernador-del-estado-de-mato-grosso\/#primaryimage","url":"https:\/\/cuiaba.eleusal.com\/wp-content\/uploads\/sites\/19\/2020\/09\/governador_2-300x202-1.jpg","contentUrl":"https:\/\/cuiaba.eleusal.com\/wp-content\/uploads\/sites\/19\/2020\/09\/governador_2-300x202-1.jpg"},{"@type":"BreadcrumbList","@id":"https:\/\/cuiaba.eleusal.com\/es\/presentacion-de-la-escuela-ele-usal-cuiaba-al-gobernador-del-estado-de-mato-grosso\/#breadcrumb","itemListElement":[{"@type":"ListItem","position":1,"name":"Home","item":"https:\/\/cuiaba.eleusal.com\/es\/"},{"@type":"ListItem","position":2,"name":"Presentaci\u00f3n de la Escuela ELE USAL Cuiab\u00e1 al Gobernador del Estado de Mato Grosso"}]},{"@type":"WebSite","@id":"https:\/\/cuiaba.eleusal.com\/#website","url":"https:\/\/cuiaba.eleusal.com\/","name":"ELE USAL Cuiab\u00e1","description":"ELE USAL","potentialAction":[{"@type":"SearchAction","target":{"@type":"EntryPoint","urlTemplate":"https:\/\/cuiaba.eleusal.com\/?s={search_term_string}"},"query-input":{"@type":"PropertyValueSpecification","valueRequired":true,"valueName":"search_term_string"}}],"inLanguage":"es"},{"@type":"Person","@id":"https:\/\/cuiaba.eleusal.com\/#\/schema\/person\/3cf0dc8938baadf7623ca993a3921529","name":"cuiaba","image":{"@type":"ImageObject","inLanguage":"es","@id":"https:\/\/cuiaba.eleusal.com\/#\/schema\/person\/image\/","url":"https:\/\/secure.gravatar.com\/avatar\/047347f729b414e43ddc7ff00fb8c05f?s=96&d=mm&r=g","contentUrl":"https:\/\/secure.gravatar.com\/avatar\/047347f729b414e43ddc7ff00fb8c05f?s=96&d=mm&r=g","caption":"cuiaba"},"url":"https:\/\/cuiaba.eleusal.com\/es\/author\/cuiaba\/"}]}},"_links":{"self":[{"href":"https:\/\/cuiaba.eleusal.com\/es\/wp-json\/wp\/v2\/posts\/1551","targetHints":{"allow":["GET"]}}],"collection":[{"href":"https:\/\/cuiaba.eleusal.com\/es\/wp-json\/wp\/v2\/posts"}],"about":[{"href":"https:\/\/cuiaba.eleusal.com\/es\/wp-json\/wp\/v2\/types\/post"}],"author":[{"embeddable":true,"href":"https:\/\/cuiaba.eleusal.com\/es\/wp-json\/wp\/v2\/users\/18"}],"replies":[{"embeddable":true,"href":"https:\/\/cuiaba.eleusal.com\/es\/wp-json\/wp\/v2\/comments?post=1551"}],"version-history":[{"count":1,"href":"https:\/\/cuiaba.eleusal.com\/es\/wp-json\/wp\/v2\/posts\/1551\/revisions"}],"predecessor-version":[{"id":1558,"href":"https:\/\/cuiaba.eleusal.com\/es\/wp-json\/wp\/v2\/posts\/1551\/revisions\/1558"}],"wp:attachment":[{"href":"https:\/\/cuiaba.eleusal.com\/es\/wp-json\/wp\/v2\/media?parent=1551"}],"wp:term":[{"taxonomy":"category","embeddable":true,"href":"https:\/\/cuiaba.eleusal.com\/es\/wp-json\/wp\/v2\/categories?post=1551"},{"taxonomy":"post_tag","embeddable":true,"href":"https:\/\/cuiaba.eleusal.com\/es\/wp-json\/wp\/v2\/tags?post=1551"}],"curies":[{"name":"wp","href":"https:\/\/api.w.org\/{rel}","templated":true}]}}