{"id":1561,"date":"2020-09-10T01:48:53","date_gmt":"2020-09-09T23:48:53","guid":{"rendered":"https:\/\/cuiaba.eleusal.com\/?p=1561"},"modified":"2020-09-10T01:48:53","modified_gmt":"2020-09-09T23:48:53","slug":"participacion-de-la-escuela-ele-usal-cuiaba-en-el-1-forum-de-relacoes-internacionais-do-ifmt","status":"publish","type":"post","link":"https:\/\/cuiaba.eleusal.com\/es\/participacion-de-la-escuela-ele-usal-cuiaba-en-el-1-forum-de-relacoes-internacionais-do-ifmt\/","title":{"rendered":"Participaci\u00f3n de la Escuela ELE USAL Cuiab\u00e1 en el 1\u00b0 F\u00f3rum de Rela\u00e7\u00f5es Internacionais do IFMT"},"content":{"rendered":"<p>La escuela ELE USAL Cuiab\u00e1 particip\u00f3 del 1\u00b0 F\u00f3rum de Rela\u00e7\u00f5es Internacionais do IFMT\u00a0\u00a0celebrado en la ciudad de Cuiab\u00e1 en el Centro de Eventos SENAI, con la presencia del Rector de la Instituto Federal de Mato Grosso Excmo. Sr. Jos\u00e9\u00a0Bispo\u00a0Barbosa y la Directora de Relaciones Interancionales Prof\u00aa. S\u00f4nia Regina de Guimar\u00e3es de Fonseca\u00a0. Los Directores ELE USAL Cuiab\u00e1 Uyara Magalh\u00e3es de Melo y Jorge Caballero Fiel tuvieron la ocasi\u00f3n de dar a conocer a la comunidad del Instituto Federal de Mato Grosso (compuesto de 11 Campus repartidos por el Estado de Mato Grosso) la escuela ELE USAL Cuiab\u00e1 y se procedi\u00f3 la firma del Convenio entre ambas partes.<\/p>\n<p><img loading=\"lazy\" decoding=\"async\" class=\"alignnone size-full wp-image-1562\" src=\"https:\/\/cuiaba.eleusal.com\/wp-content\/uploads\/sites\/19\/2020\/09\/1439067325417-300x200-1.jpg\" alt=\"\" width=\"300\" height=\"200\" \/> <img loading=\"lazy\" decoding=\"async\" class=\"alignnone size-medium wp-image-1565\" src=\"https:\/\/cuiaba.eleusal.com\/wp-content\/uploads\/sites\/19\/2020\/09\/1439067403526-300x200-1.jpg\" alt=\"\" width=\"300\" height=\"200\" \/> <img loading=\"lazy\" decoding=\"async\" class=\"alignnone size-medium wp-image-1568\" src=\"https:\/\/cuiaba.eleusal.com\/wp-content\/uploads\/sites\/19\/2020\/09\/1439067469048-300x200-1.jpg\" alt=\"\" width=\"300\" height=\"200\" \/> <img loading=\"lazy\" decoding=\"async\" class=\"alignnone size-medium wp-image-1571\" src=\"https:\/\/cuiaba.eleusal.com\/wp-content\/uploads\/sites\/19\/2020\/09\/1439067622641-300x200-1.jpg\" alt=\"\" width=\"300\" height=\"200\" \/><\/p>\n","protected":false},"excerpt":{"rendered":"<p>La escuela ELE USAL Cuiab\u00e1 particip\u00f3 del 1\u00b0 F\u00f3rum de Rela\u00e7\u00f5es Internacionais do IFMT\u00a0\u00a0celebrado en la ciudad de Cuiab\u00e1 en el Centro de Eventos SENAI, con la presencia del Rector de la Instituto Federal de Mato Grosso Excmo. Sr. Jos\u00e9\u00a0Bispo\u00a0Barbosa y la Directora de Relaciones&#8230;<\/p>\n","protected":false},"author":18,"featured_media":0,"comment_status":"closed","ping_status":"open","sticky":false,"template":"","format":"standard","meta":{"footnotes":""},"categories":[93],"tags":[],"class_list":["post-1561","post","type-post","status-publish","format-standard","hentry","category-sin-categorizar"],"yoast_head":"<!-- This site is optimized with the Yoast SEO plugin v24.2 - https:\/\/yoast.com\/wordpress\/plugins\/seo\/ -->\n<title>Participaci\u00f3n de la Escuela ELE USAL Cuiab\u00e1 en el 1\u00b0 F\u00f3rum de Rela\u00e7\u00f5es Internacionais do IFMT - ELE USAL Cuiab\u00e1<\/title>\n<meta name=\"robots\" content=\"index, follow, max-snippet:-1, max-image-preview:large, max-video-preview:-1\" \/>\n<link rel=\"canonical\" href=\"https:\/\/cuiaba.eleusal.com\/es\/participacion-de-la-escuela-ele-usal-cuiaba-en-el-1-forum-de-relacoes-internacionais-do-ifmt\/\" \/>\n<meta property=\"og:locale\" content=\"es_ES\" \/>\n<meta property=\"og:type\" content=\"article\" \/>\n<meta property=\"og:title\" content=\"Participaci\u00f3n de la Escuela ELE USAL Cuiab\u00e1 en el 1\u00b0 F\u00f3rum de Rela\u00e7\u00f5es Internacionais do IFMT - ELE USAL Cuiab\u00e1\" \/>\n<meta property=\"og:description\" content=\"La escuela ELE USAL Cuiab\u00e1 particip\u00f3 del 1\u00b0 F\u00f3rum de Rela\u00e7\u00f5es Internacionais do IFMT\u00a0\u00a0celebrado en la ciudad de Cuiab\u00e1 en el Centro de Eventos SENAI, con la presencia del Rector de la Instituto Federal de Mato Grosso Excmo. Sr. Jos\u00e9\u00a0Bispo\u00a0Barbosa y la Directora de Relaciones...\" \/>\n<meta property=\"og:url\" content=\"https:\/\/cuiaba.eleusal.com\/es\/participacion-de-la-escuela-ele-usal-cuiaba-en-el-1-forum-de-relacoes-internacionais-do-ifmt\/\" \/>\n<meta property=\"og:site_name\" content=\"ELE USAL Cuiab\u00e1\" \/>\n<meta property=\"article:published_time\" content=\"2020-09-09T23:48:53+00:00\" \/>\n<meta property=\"og:image\" content=\"https:\/\/cuiaba.eleusal.com\/wp-content\/uploads\/sites\/19\/2020\/09\/1439067325417-300x200-1.jpg\" \/>\n\t<meta property=\"og:image:width\" content=\"300\" \/>\n\t<meta property=\"og:image:height\" content=\"200\" \/>\n\t<meta property=\"og:image:type\" content=\"image\/jpeg\" \/>\n<meta name=\"author\" content=\"cuiaba\" \/>\n<meta name=\"twitter:card\" content=\"summary_large_image\" \/>\n<meta name=\"twitter:label1\" content=\"Escrito por\" \/>\n\t<meta name=\"twitter:data1\" content=\"cuiaba\" \/>\n\t<meta name=\"twitter:label2\" content=\"Tiempo de lectura\" \/>\n\t<meta name=\"twitter:data2\" content=\"1 minuto\" \/>\n<script type=\"application\/ld+json\" class=\"yoast-schema-graph\">{\"@context\":\"https:\/\/schema.org\",\"@graph\":[{\"@type\":\"WebPage\",\"@id\":\"https:\/\/cuiaba.eleusal.com\/es\/participacion-de-la-escuela-ele-usal-cuiaba-en-el-1-forum-de-relacoes-internacionais-do-ifmt\/\",\"url\":\"https:\/\/cuiaba.eleusal.com\/es\/participacion-de-la-escuela-ele-usal-cuiaba-en-el-1-forum-de-relacoes-internacionais-do-ifmt\/\",\"name\":\"Participaci\u00f3n de la Escuela ELE USAL Cuiab\u00e1 en el 1\u00b0 F\u00f3rum de Rela\u00e7\u00f5es Internacionais do IFMT - ELE USAL Cuiab\u00e1\",\"isPartOf\":{\"@id\":\"https:\/\/cuiaba.eleusal.com\/#website\"},\"primaryImageOfPage\":{\"@id\":\"https:\/\/cuiaba.eleusal.com\/es\/participacion-de-la-escuela-ele-usal-cuiaba-en-el-1-forum-de-relacoes-internacionais-do-ifmt\/#primaryimage\"},\"image\":{\"@id\":\"https:\/\/cuiaba.eleusal.com\/es\/participacion-de-la-escuela-ele-usal-cuiaba-en-el-1-forum-de-relacoes-internacionais-do-ifmt\/#primaryimage\"},\"thumbnailUrl\":\"https:\/\/cuiaba.eleusal.com\/wp-content\/uploads\/sites\/19\/2020\/09\/1439067325417-300x200-1.jpg\",\"datePublished\":\"2020-09-09T23:48:53+00:00\",\"dateModified\":\"2020-09-09T23:48:53+00:00\",\"author\":{\"@id\":\"https:\/\/cuiaba.eleusal.com\/#\/schema\/person\/3cf0dc8938baadf7623ca993a3921529\"},\"breadcrumb\":{\"@id\":\"https:\/\/cuiaba.eleusal.com\/es\/participacion-de-la-escuela-ele-usal-cuiaba-en-el-1-forum-de-relacoes-internacionais-do-ifmt\/#breadcrumb\"},\"inLanguage\":\"es\",\"potentialAction\":[{\"@type\":\"ReadAction\",\"target\":[\"https:\/\/cuiaba.eleusal.com\/es\/participacion-de-la-escuela-ele-usal-cuiaba-en-el-1-forum-de-relacoes-internacionais-do-ifmt\/\"]}]},{\"@type\":\"ImageObject\",\"inLanguage\":\"es\",\"@id\":\"https:\/\/cuiaba.eleusal.com\/es\/participacion-de-la-escuela-ele-usal-cuiaba-en-el-1-forum-de-relacoes-internacionais-do-ifmt\/#primaryimage\",\"url\":\"https:\/\/cuiaba.eleusal.com\/wp-content\/uploads\/sites\/19\/2020\/09\/1439067325417-300x200-1.jpg\",\"contentUrl\":\"https:\/\/cuiaba.eleusal.com\/wp-content\/uploads\/sites\/19\/2020\/09\/1439067325417-300x200-1.jpg\"},{\"@type\":\"BreadcrumbList\",\"@id\":\"https:\/\/cuiaba.eleusal.com\/es\/participacion-de-la-escuela-ele-usal-cuiaba-en-el-1-forum-de-relacoes-internacionais-do-ifmt\/#breadcrumb\",\"itemListElement\":[{\"@type\":\"ListItem\",\"position\":1,\"name\":\"Home\",\"item\":\"https:\/\/cuiaba.eleusal.com\/es\/\"},{\"@type\":\"ListItem\",\"position\":2,\"name\":\"Participaci\u00f3n de la Escuela ELE USAL Cuiab\u00e1 en el 1\u00b0 F\u00f3rum de Rela\u00e7\u00f5es Internacionais do IFMT\"}]},{\"@type\":\"WebSite\",\"@id\":\"https:\/\/cuiaba.eleusal.com\/#website\",\"url\":\"https:\/\/cuiaba.eleusal.com\/\",\"name\":\"ELE USAL Cuiab\u00e1\",\"description\":\"ELE USAL\",\"potentialAction\":[{\"@type\":\"SearchAction\",\"target\":{\"@type\":\"EntryPoint\",\"urlTemplate\":\"https:\/\/cuiaba.eleusal.com\/?s={search_term_string}\"},\"query-input\":{\"@type\":\"PropertyValueSpecification\",\"valueRequired\":true,\"valueName\":\"search_term_string\"}}],\"inLanguage\":\"es\"},{\"@type\":\"Person\",\"@id\":\"https:\/\/cuiaba.eleusal.com\/#\/schema\/person\/3cf0dc8938baadf7623ca993a3921529\",\"name\":\"cuiaba\",\"image\":{\"@type\":\"ImageObject\",\"inLanguage\":\"es\",\"@id\":\"https:\/\/cuiaba.eleusal.com\/#\/schema\/person\/image\/\",\"url\":\"https:\/\/secure.gravatar.com\/avatar\/047347f729b414e43ddc7ff00fb8c05f?s=96&d=mm&r=g\",\"contentUrl\":\"https:\/\/secure.gravatar.com\/avatar\/047347f729b414e43ddc7ff00fb8c05f?s=96&d=mm&r=g\",\"caption\":\"cuiaba\"},\"url\":\"https:\/\/cuiaba.eleusal.com\/es\/author\/cuiaba\/\"}]}<\/script>\n<!-- \/ Yoast SEO plugin. -->","yoast_head_json":{"title":"Participaci\u00f3n de la Escuela ELE USAL Cuiab\u00e1 en el 1\u00b0 F\u00f3rum de Rela\u00e7\u00f5es Internacionais do IFMT - ELE USAL Cuiab\u00e1","robots":{"index":"index","follow":"follow","max-snippet":"max-snippet:-1","max-image-preview":"max-image-preview:large","max-video-preview":"max-video-preview:-1"},"canonical":"https:\/\/cuiaba.eleusal.com\/es\/participacion-de-la-escuela-ele-usal-cuiaba-en-el-1-forum-de-relacoes-internacionais-do-ifmt\/","og_locale":"es_ES","og_type":"article","og_title":"Participaci\u00f3n de la Escuela ELE USAL Cuiab\u00e1 en el 1\u00b0 F\u00f3rum de Rela\u00e7\u00f5es Internacionais do IFMT - ELE USAL Cuiab\u00e1","og_description":"La escuela ELE USAL Cuiab\u00e1 particip\u00f3 del 1\u00b0 F\u00f3rum de Rela\u00e7\u00f5es Internacionais do IFMT\u00a0\u00a0celebrado en la ciudad de Cuiab\u00e1 en el Centro de Eventos SENAI, con la presencia del Rector de la Instituto Federal de Mato Grosso Excmo. Sr. Jos\u00e9\u00a0Bispo\u00a0Barbosa y la Directora de Relaciones...","og_url":"https:\/\/cuiaba.eleusal.com\/es\/participacion-de-la-escuela-ele-usal-cuiaba-en-el-1-forum-de-relacoes-internacionais-do-ifmt\/","og_site_name":"ELE USAL Cuiab\u00e1","article_published_time":"2020-09-09T23:48:53+00:00","og_image":[{"width":300,"height":200,"url":"https:\/\/cuiaba.eleusal.com\/wp-content\/uploads\/sites\/19\/2020\/09\/1439067325417-300x200-1.jpg","type":"image\/jpeg"}],"author":"cuiaba","twitter_card":"summary_large_image","twitter_misc":{"Escrito por":"cuiaba","Tiempo de lectura":"1 minuto"},"schema":{"@context":"https:\/\/schema.org","@graph":[{"@type":"WebPage","@id":"https:\/\/cuiaba.eleusal.com\/es\/participacion-de-la-escuela-ele-usal-cuiaba-en-el-1-forum-de-relacoes-internacionais-do-ifmt\/","url":"https:\/\/cuiaba.eleusal.com\/es\/participacion-de-la-escuela-ele-usal-cuiaba-en-el-1-forum-de-relacoes-internacionais-do-ifmt\/","name":"Participaci\u00f3n de la Escuela ELE USAL Cuiab\u00e1 en el 1\u00b0 F\u00f3rum de Rela\u00e7\u00f5es Internacionais do IFMT - ELE USAL Cuiab\u00e1","isPartOf":{"@id":"https:\/\/cuiaba.eleusal.com\/#website"},"primaryImageOfPage":{"@id":"https:\/\/cuiaba.eleusal.com\/es\/participacion-de-la-escuela-ele-usal-cuiaba-en-el-1-forum-de-relacoes-internacionais-do-ifmt\/#primaryimage"},"image":{"@id":"https:\/\/cuiaba.eleusal.com\/es\/participacion-de-la-escuela-ele-usal-cuiaba-en-el-1-forum-de-relacoes-internacionais-do-ifmt\/#primaryimage"},"thumbnailUrl":"https:\/\/cuiaba.eleusal.com\/wp-content\/uploads\/sites\/19\/2020\/09\/1439067325417-300x200-1.jpg","datePublished":"2020-09-09T23:48:53+00:00","dateModified":"2020-09-09T23:48:53+00:00","author":{"@id":"https:\/\/cuiaba.eleusal.com\/#\/schema\/person\/3cf0dc8938baadf7623ca993a3921529"},"breadcrumb":{"@id":"https:\/\/cuiaba.eleusal.com\/es\/participacion-de-la-escuela-ele-usal-cuiaba-en-el-1-forum-de-relacoes-internacionais-do-ifmt\/#breadcrumb"},"inLanguage":"es","potentialAction":[{"@type":"ReadAction","target":["https:\/\/cuiaba.eleusal.com\/es\/participacion-de-la-escuela-ele-usal-cuiaba-en-el-1-forum-de-relacoes-internacionais-do-ifmt\/"]}]},{"@type":"ImageObject","inLanguage":"es","@id":"https:\/\/cuiaba.eleusal.com\/es\/participacion-de-la-escuela-ele-usal-cuiaba-en-el-1-forum-de-relacoes-internacionais-do-ifmt\/#primaryimage","url":"https:\/\/cuiaba.eleusal.com\/wp-content\/uploads\/sites\/19\/2020\/09\/1439067325417-300x200-1.jpg","contentUrl":"https:\/\/cuiaba.eleusal.com\/wp-content\/uploads\/sites\/19\/2020\/09\/1439067325417-300x200-1.jpg"},{"@type":"BreadcrumbList","@id":"https:\/\/cuiaba.eleusal.com\/es\/participacion-de-la-escuela-ele-usal-cuiaba-en-el-1-forum-de-relacoes-internacionais-do-ifmt\/#breadcrumb","itemListElement":[{"@type":"ListItem","position":1,"name":"Home","item":"https:\/\/cuiaba.eleusal.com\/es\/"},{"@type":"ListItem","position":2,"name":"Participaci\u00f3n de la Escuela ELE USAL Cuiab\u00e1 en el 1\u00b0 F\u00f3rum de Rela\u00e7\u00f5es Internacionais do IFMT"}]},{"@type":"WebSite","@id":"https:\/\/cuiaba.eleusal.com\/#website","url":"https:\/\/cuiaba.eleusal.com\/","name":"ELE USAL Cuiab\u00e1","description":"ELE USAL","potentialAction":[{"@type":"SearchAction","target":{"@type":"EntryPoint","urlTemplate":"https:\/\/cuiaba.eleusal.com\/?s={search_term_string}"},"query-input":{"@type":"PropertyValueSpecification","valueRequired":true,"valueName":"search_term_string"}}],"inLanguage":"es"},{"@type":"Person","@id":"https:\/\/cuiaba.eleusal.com\/#\/schema\/person\/3cf0dc8938baadf7623ca993a3921529","name":"cuiaba","image":{"@type":"ImageObject","inLanguage":"es","@id":"https:\/\/cuiaba.eleusal.com\/#\/schema\/person\/image\/","url":"https:\/\/secure.gravatar.com\/avatar\/047347f729b414e43ddc7ff00fb8c05f?s=96&d=mm&r=g","contentUrl":"https:\/\/secure.gravatar.com\/avatar\/047347f729b414e43ddc7ff00fb8c05f?s=96&d=mm&r=g","caption":"cuiaba"},"url":"https:\/\/cuiaba.eleusal.com\/es\/author\/cuiaba\/"}]}},"_links":{"self":[{"href":"https:\/\/cuiaba.eleusal.com\/es\/wp-json\/wp\/v2\/posts\/1561","targetHints":{"allow":["GET"]}}],"collection":[{"href":"https:\/\/cuiaba.eleusal.com\/es\/wp-json\/wp\/v2\/posts"}],"about":[{"href":"https:\/\/cuiaba.eleusal.com\/es\/wp-json\/wp\/v2\/types\/post"}],"author":[{"embeddable":true,"href":"https:\/\/cuiaba.eleusal.com\/es\/wp-json\/wp\/v2\/users\/18"}],"replies":[{"embeddable":true,"href":"https:\/\/cuiaba.eleusal.com\/es\/wp-json\/wp\/v2\/comments?post=1561"}],"version-history":[{"count":1,"href":"https:\/\/cuiaba.eleusal.com\/es\/wp-json\/wp\/v2\/posts\/1561\/revisions"}],"predecessor-version":[{"id":1574,"href":"https:\/\/cuiaba.eleusal.com\/es\/wp-json\/wp\/v2\/posts\/1561\/revisions\/1574"}],"wp:attachment":[{"href":"https:\/\/cuiaba.eleusal.com\/es\/wp-json\/wp\/v2\/media?parent=1561"}],"wp:term":[{"taxonomy":"category","embeddable":true,"href":"https:\/\/cuiaba.eleusal.com\/es\/wp-json\/wp\/v2\/categories?post=1561"},{"taxonomy":"post_tag","embeddable":true,"href":"https:\/\/cuiaba.eleusal.com\/es\/wp-json\/wp\/v2\/tags?post=1561"}],"curies":[{"name":"wp","href":"https:\/\/api.w.org\/{rel}","templated":true}]}}