{"id":1577,"date":"2020-09-10T01:54:28","date_gmt":"2020-09-09T23:54:28","guid":{"rendered":"https:\/\/cuiaba.eleusal.com\/?p=1577"},"modified":"2020-09-10T01:54:28","modified_gmt":"2020-09-09T23:54:28","slug":"reunion-con-la-direccion-de-relaciones-internacionales-del-instituto-federal-de-mato-grosso","status":"publish","type":"post","link":"https:\/\/cuiaba.eleusal.com\/es\/reunion-con-la-direccion-de-relaciones-internacionales-del-instituto-federal-de-mato-grosso\/","title":{"rendered":"Reuni\u00f3n con la Direcci\u00f3n de Relaciones Internacionales del Instituto Federal de Mato Grosso"},"content":{"rendered":"<p>Reuni\u00f3n con la representante de la Direcci\u00f3n de Relaciones Interancionales del Instituto Federal de Mato Grosso (IFMT), Sra. S\u00f4nia Regina De Guimar\u00e3es de Foneseca , para abordar la posibilidad de implementaci\u00f3n y aplicaci\u00f3n de pruebas de nivel en espa\u00f1ol en IFMT.<\/p>\n<p><img loading=\"lazy\" decoding=\"async\" class=\"alignnone size-full wp-image-1578\" src=\"https:\/\/cuiaba.eleusal.com\/wp-content\/uploads\/sites\/19\/2020\/09\/14494727_295580150829145_2496297565912222563_n-300x168-1.jpg\" alt=\"\" width=\"300\" height=\"168\" \/><\/p>\n","protected":false},"excerpt":{"rendered":"<p>Reuni\u00f3n con la representante de la Direcci\u00f3n de Relaciones Interancionales del Instituto Federal de Mato Grosso (IFMT), Sra. S\u00f4nia Regina De Guimar\u00e3es de Foneseca , para abordar la posibilidad de implementaci\u00f3n y aplicaci\u00f3n de pruebas de nivel en espa\u00f1ol en IFMT.<\/p>\n","protected":false},"author":18,"featured_media":0,"comment_status":"closed","ping_status":"open","sticky":false,"template":"","format":"standard","meta":{"footnotes":""},"categories":[93],"tags":[],"class_list":["post-1577","post","type-post","status-publish","format-standard","hentry","category-sin-categorizar"],"yoast_head":"<!-- This site is optimized with the Yoast SEO plugin v24.2 - https:\/\/yoast.com\/wordpress\/plugins\/seo\/ -->\n<title>Reuni\u00f3n con la Direcci\u00f3n de Relaciones Internacionales del Instituto Federal de Mato Grosso - ELE USAL Cuiab\u00e1<\/title>\n<meta name=\"robots\" content=\"index, follow, max-snippet:-1, max-image-preview:large, max-video-preview:-1\" \/>\n<link rel=\"canonical\" href=\"https:\/\/cuiaba.eleusal.com\/es\/reunion-con-la-direccion-de-relaciones-internacionales-del-instituto-federal-de-mato-grosso\/\" \/>\n<meta property=\"og:locale\" content=\"es_ES\" \/>\n<meta property=\"og:type\" content=\"article\" \/>\n<meta property=\"og:title\" content=\"Reuni\u00f3n con la Direcci\u00f3n de Relaciones Internacionales del Instituto Federal de Mato Grosso - ELE USAL Cuiab\u00e1\" \/>\n<meta property=\"og:description\" content=\"Reuni\u00f3n con la representante de la Direcci\u00f3n de Relaciones Interancionales del Instituto Federal de Mato Grosso (IFMT), Sra. S\u00f4nia Regina De Guimar\u00e3es de Foneseca , para abordar la posibilidad de implementaci\u00f3n y aplicaci\u00f3n de pruebas de nivel en espa\u00f1ol en IFMT.\" \/>\n<meta property=\"og:url\" content=\"https:\/\/cuiaba.eleusal.com\/es\/reunion-con-la-direccion-de-relaciones-internacionales-del-instituto-federal-de-mato-grosso\/\" \/>\n<meta property=\"og:site_name\" content=\"ELE USAL Cuiab\u00e1\" \/>\n<meta property=\"article:published_time\" content=\"2020-09-09T23:54:28+00:00\" \/>\n<meta property=\"og:image\" content=\"https:\/\/cuiaba.eleusal.com\/wp-content\/uploads\/sites\/19\/2020\/09\/14494727_295580150829145_2496297565912222563_n-300x168-1.jpg\" \/>\n\t<meta property=\"og:image:width\" content=\"300\" \/>\n\t<meta property=\"og:image:height\" content=\"168\" \/>\n\t<meta property=\"og:image:type\" content=\"image\/jpeg\" \/>\n<meta name=\"author\" content=\"cuiaba\" \/>\n<meta name=\"twitter:card\" content=\"summary_large_image\" \/>\n<meta name=\"twitter:label1\" content=\"Escrito por\" \/>\n\t<meta name=\"twitter:data1\" content=\"cuiaba\" \/>\n<script type=\"application\/ld+json\" class=\"yoast-schema-graph\">{\"@context\":\"https:\/\/schema.org\",\"@graph\":[{\"@type\":\"WebPage\",\"@id\":\"https:\/\/cuiaba.eleusal.com\/es\/reunion-con-la-direccion-de-relaciones-internacionales-del-instituto-federal-de-mato-grosso\/\",\"url\":\"https:\/\/cuiaba.eleusal.com\/es\/reunion-con-la-direccion-de-relaciones-internacionales-del-instituto-federal-de-mato-grosso\/\",\"name\":\"Reuni\u00f3n con la Direcci\u00f3n de Relaciones Internacionales del Instituto Federal de Mato Grosso - ELE USAL Cuiab\u00e1\",\"isPartOf\":{\"@id\":\"https:\/\/cuiaba.eleusal.com\/#website\"},\"primaryImageOfPage\":{\"@id\":\"https:\/\/cuiaba.eleusal.com\/es\/reunion-con-la-direccion-de-relaciones-internacionales-del-instituto-federal-de-mato-grosso\/#primaryimage\"},\"image\":{\"@id\":\"https:\/\/cuiaba.eleusal.com\/es\/reunion-con-la-direccion-de-relaciones-internacionales-del-instituto-federal-de-mato-grosso\/#primaryimage\"},\"thumbnailUrl\":\"https:\/\/cuiaba.eleusal.com\/wp-content\/uploads\/sites\/19\/2020\/09\/14494727_295580150829145_2496297565912222563_n-300x168-1.jpg\",\"datePublished\":\"2020-09-09T23:54:28+00:00\",\"dateModified\":\"2020-09-09T23:54:28+00:00\",\"author\":{\"@id\":\"https:\/\/cuiaba.eleusal.com\/#\/schema\/person\/3cf0dc8938baadf7623ca993a3921529\"},\"breadcrumb\":{\"@id\":\"https:\/\/cuiaba.eleusal.com\/es\/reunion-con-la-direccion-de-relaciones-internacionales-del-instituto-federal-de-mato-grosso\/#breadcrumb\"},\"inLanguage\":\"es\",\"potentialAction\":[{\"@type\":\"ReadAction\",\"target\":[\"https:\/\/cuiaba.eleusal.com\/es\/reunion-con-la-direccion-de-relaciones-internacionales-del-instituto-federal-de-mato-grosso\/\"]}]},{\"@type\":\"ImageObject\",\"inLanguage\":\"es\",\"@id\":\"https:\/\/cuiaba.eleusal.com\/es\/reunion-con-la-direccion-de-relaciones-internacionales-del-instituto-federal-de-mato-grosso\/#primaryimage\",\"url\":\"https:\/\/cuiaba.eleusal.com\/wp-content\/uploads\/sites\/19\/2020\/09\/14494727_295580150829145_2496297565912222563_n-300x168-1.jpg\",\"contentUrl\":\"https:\/\/cuiaba.eleusal.com\/wp-content\/uploads\/sites\/19\/2020\/09\/14494727_295580150829145_2496297565912222563_n-300x168-1.jpg\"},{\"@type\":\"BreadcrumbList\",\"@id\":\"https:\/\/cuiaba.eleusal.com\/es\/reunion-con-la-direccion-de-relaciones-internacionales-del-instituto-federal-de-mato-grosso\/#breadcrumb\",\"itemListElement\":[{\"@type\":\"ListItem\",\"position\":1,\"name\":\"Home\",\"item\":\"https:\/\/cuiaba.eleusal.com\/es\/\"},{\"@type\":\"ListItem\",\"position\":2,\"name\":\"Reuni\u00f3n con la Direcci\u00f3n de Relaciones Internacionales del Instituto Federal de Mato Grosso\"}]},{\"@type\":\"WebSite\",\"@id\":\"https:\/\/cuiaba.eleusal.com\/#website\",\"url\":\"https:\/\/cuiaba.eleusal.com\/\",\"name\":\"ELE USAL Cuiab\u00e1\",\"description\":\"ELE USAL\",\"potentialAction\":[{\"@type\":\"SearchAction\",\"target\":{\"@type\":\"EntryPoint\",\"urlTemplate\":\"https:\/\/cuiaba.eleusal.com\/?s={search_term_string}\"},\"query-input\":{\"@type\":\"PropertyValueSpecification\",\"valueRequired\":true,\"valueName\":\"search_term_string\"}}],\"inLanguage\":\"es\"},{\"@type\":\"Person\",\"@id\":\"https:\/\/cuiaba.eleusal.com\/#\/schema\/person\/3cf0dc8938baadf7623ca993a3921529\",\"name\":\"cuiaba\",\"image\":{\"@type\":\"ImageObject\",\"inLanguage\":\"es\",\"@id\":\"https:\/\/cuiaba.eleusal.com\/#\/schema\/person\/image\/\",\"url\":\"https:\/\/secure.gravatar.com\/avatar\/047347f729b414e43ddc7ff00fb8c05f?s=96&d=mm&r=g\",\"contentUrl\":\"https:\/\/secure.gravatar.com\/avatar\/047347f729b414e43ddc7ff00fb8c05f?s=96&d=mm&r=g\",\"caption\":\"cuiaba\"},\"url\":\"https:\/\/cuiaba.eleusal.com\/es\/author\/cuiaba\/\"}]}<\/script>\n<!-- \/ Yoast SEO plugin. -->","yoast_head_json":{"title":"Reuni\u00f3n con la Direcci\u00f3n de Relaciones Internacionales del Instituto Federal de Mato Grosso - ELE USAL Cuiab\u00e1","robots":{"index":"index","follow":"follow","max-snippet":"max-snippet:-1","max-image-preview":"max-image-preview:large","max-video-preview":"max-video-preview:-1"},"canonical":"https:\/\/cuiaba.eleusal.com\/es\/reunion-con-la-direccion-de-relaciones-internacionales-del-instituto-federal-de-mato-grosso\/","og_locale":"es_ES","og_type":"article","og_title":"Reuni\u00f3n con la Direcci\u00f3n de Relaciones Internacionales del Instituto Federal de Mato Grosso - ELE USAL Cuiab\u00e1","og_description":"Reuni\u00f3n con la representante de la Direcci\u00f3n de Relaciones Interancionales del Instituto Federal de Mato Grosso (IFMT), Sra. S\u00f4nia Regina De Guimar\u00e3es de Foneseca , para abordar la posibilidad de implementaci\u00f3n y aplicaci\u00f3n de pruebas de nivel en espa\u00f1ol en IFMT.","og_url":"https:\/\/cuiaba.eleusal.com\/es\/reunion-con-la-direccion-de-relaciones-internacionales-del-instituto-federal-de-mato-grosso\/","og_site_name":"ELE USAL Cuiab\u00e1","article_published_time":"2020-09-09T23:54:28+00:00","og_image":[{"width":300,"height":168,"url":"https:\/\/cuiaba.eleusal.com\/wp-content\/uploads\/sites\/19\/2020\/09\/14494727_295580150829145_2496297565912222563_n-300x168-1.jpg","type":"image\/jpeg"}],"author":"cuiaba","twitter_card":"summary_large_image","twitter_misc":{"Escrito por":"cuiaba"},"schema":{"@context":"https:\/\/schema.org","@graph":[{"@type":"WebPage","@id":"https:\/\/cuiaba.eleusal.com\/es\/reunion-con-la-direccion-de-relaciones-internacionales-del-instituto-federal-de-mato-grosso\/","url":"https:\/\/cuiaba.eleusal.com\/es\/reunion-con-la-direccion-de-relaciones-internacionales-del-instituto-federal-de-mato-grosso\/","name":"Reuni\u00f3n con la Direcci\u00f3n de Relaciones Internacionales del Instituto Federal de Mato Grosso - ELE USAL Cuiab\u00e1","isPartOf":{"@id":"https:\/\/cuiaba.eleusal.com\/#website"},"primaryImageOfPage":{"@id":"https:\/\/cuiaba.eleusal.com\/es\/reunion-con-la-direccion-de-relaciones-internacionales-del-instituto-federal-de-mato-grosso\/#primaryimage"},"image":{"@id":"https:\/\/cuiaba.eleusal.com\/es\/reunion-con-la-direccion-de-relaciones-internacionales-del-instituto-federal-de-mato-grosso\/#primaryimage"},"thumbnailUrl":"https:\/\/cuiaba.eleusal.com\/wp-content\/uploads\/sites\/19\/2020\/09\/14494727_295580150829145_2496297565912222563_n-300x168-1.jpg","datePublished":"2020-09-09T23:54:28+00:00","dateModified":"2020-09-09T23:54:28+00:00","author":{"@id":"https:\/\/cuiaba.eleusal.com\/#\/schema\/person\/3cf0dc8938baadf7623ca993a3921529"},"breadcrumb":{"@id":"https:\/\/cuiaba.eleusal.com\/es\/reunion-con-la-direccion-de-relaciones-internacionales-del-instituto-federal-de-mato-grosso\/#breadcrumb"},"inLanguage":"es","potentialAction":[{"@type":"ReadAction","target":["https:\/\/cuiaba.eleusal.com\/es\/reunion-con-la-direccion-de-relaciones-internacionales-del-instituto-federal-de-mato-grosso\/"]}]},{"@type":"ImageObject","inLanguage":"es","@id":"https:\/\/cuiaba.eleusal.com\/es\/reunion-con-la-direccion-de-relaciones-internacionales-del-instituto-federal-de-mato-grosso\/#primaryimage","url":"https:\/\/cuiaba.eleusal.com\/wp-content\/uploads\/sites\/19\/2020\/09\/14494727_295580150829145_2496297565912222563_n-300x168-1.jpg","contentUrl":"https:\/\/cuiaba.eleusal.com\/wp-content\/uploads\/sites\/19\/2020\/09\/14494727_295580150829145_2496297565912222563_n-300x168-1.jpg"},{"@type":"BreadcrumbList","@id":"https:\/\/cuiaba.eleusal.com\/es\/reunion-con-la-direccion-de-relaciones-internacionales-del-instituto-federal-de-mato-grosso\/#breadcrumb","itemListElement":[{"@type":"ListItem","position":1,"name":"Home","item":"https:\/\/cuiaba.eleusal.com\/es\/"},{"@type":"ListItem","position":2,"name":"Reuni\u00f3n con la Direcci\u00f3n de Relaciones Internacionales del Instituto Federal de Mato Grosso"}]},{"@type":"WebSite","@id":"https:\/\/cuiaba.eleusal.com\/#website","url":"https:\/\/cuiaba.eleusal.com\/","name":"ELE USAL Cuiab\u00e1","description":"ELE USAL","potentialAction":[{"@type":"SearchAction","target":{"@type":"EntryPoint","urlTemplate":"https:\/\/cuiaba.eleusal.com\/?s={search_term_string}"},"query-input":{"@type":"PropertyValueSpecification","valueRequired":true,"valueName":"search_term_string"}}],"inLanguage":"es"},{"@type":"Person","@id":"https:\/\/cuiaba.eleusal.com\/#\/schema\/person\/3cf0dc8938baadf7623ca993a3921529","name":"cuiaba","image":{"@type":"ImageObject","inLanguage":"es","@id":"https:\/\/cuiaba.eleusal.com\/#\/schema\/person\/image\/","url":"https:\/\/secure.gravatar.com\/avatar\/047347f729b414e43ddc7ff00fb8c05f?s=96&d=mm&r=g","contentUrl":"https:\/\/secure.gravatar.com\/avatar\/047347f729b414e43ddc7ff00fb8c05f?s=96&d=mm&r=g","caption":"cuiaba"},"url":"https:\/\/cuiaba.eleusal.com\/es\/author\/cuiaba\/"}]}},"_links":{"self":[{"href":"https:\/\/cuiaba.eleusal.com\/es\/wp-json\/wp\/v2\/posts\/1577","targetHints":{"allow":["GET"]}}],"collection":[{"href":"https:\/\/cuiaba.eleusal.com\/es\/wp-json\/wp\/v2\/posts"}],"about":[{"href":"https:\/\/cuiaba.eleusal.com\/es\/wp-json\/wp\/v2\/types\/post"}],"author":[{"embeddable":true,"href":"https:\/\/cuiaba.eleusal.com\/es\/wp-json\/wp\/v2\/users\/18"}],"replies":[{"embeddable":true,"href":"https:\/\/cuiaba.eleusal.com\/es\/wp-json\/wp\/v2\/comments?post=1577"}],"version-history":[{"count":1,"href":"https:\/\/cuiaba.eleusal.com\/es\/wp-json\/wp\/v2\/posts\/1577\/revisions"}],"predecessor-version":[{"id":1581,"href":"https:\/\/cuiaba.eleusal.com\/es\/wp-json\/wp\/v2\/posts\/1577\/revisions\/1581"}],"wp:attachment":[{"href":"https:\/\/cuiaba.eleusal.com\/es\/wp-json\/wp\/v2\/media?parent=1577"}],"wp:term":[{"taxonomy":"category","embeddable":true,"href":"https:\/\/cuiaba.eleusal.com\/es\/wp-json\/wp\/v2\/categories?post=1577"},{"taxonomy":"post_tag","embeddable":true,"href":"https:\/\/cuiaba.eleusal.com\/es\/wp-json\/wp\/v2\/tags?post=1577"}],"curies":[{"name":"wp","href":"https:\/\/api.w.org\/{rel}","templated":true}]}}