{"id":1583,"date":"2020-09-10T01:59:49","date_gmt":"2020-09-09T23:59:49","guid":{"rendered":"https:\/\/cuiaba.eleusal.com\/?p=1583"},"modified":"2020-09-10T01:59:49","modified_gmt":"2020-09-09T23:59:49","slug":"participacion-de-la-escuela-ele-usal-cuiaba-en-la-i-jornada-cientifica-del-ifmt-campus-de-primavera-do-leste","status":"publish","type":"post","link":"https:\/\/cuiaba.eleusal.com\/es\/participacion-de-la-escuela-ele-usal-cuiaba-en-la-i-jornada-cientifica-del-ifmt-campus-de-primavera-do-leste\/","title":{"rendered":"Participaci\u00f3n de la Escuela ELE USAL Cuiab\u00e1 en la I Jornada Cient\u00edfica del IFMT \u2013 Campus de Primavera do Leste"},"content":{"rendered":"<p>Con motivo de la I Jornada Cient\u00edfica del IFMT del Campus de Primavera de Leste, en el interior del Estado de Mato Grosso, Brasil, la escuela ELE USAL Cuiab\u00e1, particip\u00f3 del Workshop de Relaciones Internacionales, junto con la Directora de Relaciones Internacionales Prof. S\u00f4nia Regina Guiamar\u00e3es, Representante de DSRI del Campus de Primavera de Leste Prof. Wesley y el Director General del IFMT \u2013 campus de Primavera de Leste \u00a0Sr. Dimorvan Brescancim.<\/p>\n<p><img loading=\"lazy\" decoding=\"async\" class=\"alignnone size-full wp-image-1584\" src=\"https:\/\/cuiaba.eleusal.com\/wp-content\/uploads\/sites\/19\/2020\/09\/14712610_1792247967729952_4761026391703796102_o-300x199-1.jpg\" alt=\"\" width=\"300\" height=\"199\" \/> <img loading=\"lazy\" decoding=\"async\" class=\"alignnone size-medium wp-image-1587\" src=\"https:\/\/cuiaba.eleusal.com\/wp-content\/uploads\/sites\/19\/2020\/09\/IMG_20161024_142814-300x225-1.jpg\" alt=\"\" width=\"300\" height=\"225\" \/> <img loading=\"lazy\" decoding=\"async\" class=\"alignnone size-medium wp-image-1590\" src=\"https:\/\/cuiaba.eleusal.com\/wp-content\/uploads\/sites\/19\/2020\/09\/IMG_20161024_145128-300x225-1.jpg\" alt=\"\" width=\"300\" height=\"225\" \/><\/p>\n","protected":false},"excerpt":{"rendered":"<p>Con motivo de la I Jornada Cient\u00edfica del IFMT del Campus de Primavera de Leste, en el interior del Estado de Mato Grosso, Brasil, la escuela ELE USAL Cuiab\u00e1, particip\u00f3 del Workshop de Relaciones Internacionales, junto con la Directora de Relaciones Internacionales Prof. S\u00f4nia Regina&#8230;<\/p>\n","protected":false},"author":18,"featured_media":0,"comment_status":"closed","ping_status":"open","sticky":false,"template":"","format":"standard","meta":{"footnotes":""},"categories":[93],"tags":[],"class_list":["post-1583","post","type-post","status-publish","format-standard","hentry","category-sin-categorizar"],"yoast_head":"<!-- This site is optimized with the Yoast SEO plugin v24.2 - https:\/\/yoast.com\/wordpress\/plugins\/seo\/ -->\n<title>Participaci\u00f3n de la Escuela ELE USAL Cuiab\u00e1 en la I Jornada Cient\u00edfica del IFMT \u2013 Campus de Primavera do Leste - ELE USAL Cuiab\u00e1<\/title>\n<meta name=\"robots\" content=\"index, follow, max-snippet:-1, max-image-preview:large, max-video-preview:-1\" \/>\n<link rel=\"canonical\" href=\"https:\/\/cuiaba.eleusal.com\/es\/participacion-de-la-escuela-ele-usal-cuiaba-en-la-i-jornada-cientifica-del-ifmt-campus-de-primavera-do-leste\/\" \/>\n<meta property=\"og:locale\" content=\"es_ES\" \/>\n<meta property=\"og:type\" content=\"article\" \/>\n<meta property=\"og:title\" content=\"Participaci\u00f3n de la Escuela ELE USAL Cuiab\u00e1 en la I Jornada Cient\u00edfica del IFMT \u2013 Campus de Primavera do Leste - ELE USAL Cuiab\u00e1\" \/>\n<meta property=\"og:description\" content=\"Con motivo de la I Jornada Cient\u00edfica del IFMT del Campus de Primavera de Leste, en el interior del Estado de Mato Grosso, Brasil, la escuela ELE USAL Cuiab\u00e1, particip\u00f3 del Workshop de Relaciones Internacionales, junto con la Directora de Relaciones Internacionales Prof. S\u00f4nia Regina...\" \/>\n<meta property=\"og:url\" content=\"https:\/\/cuiaba.eleusal.com\/es\/participacion-de-la-escuela-ele-usal-cuiaba-en-la-i-jornada-cientifica-del-ifmt-campus-de-primavera-do-leste\/\" \/>\n<meta property=\"og:site_name\" content=\"ELE USAL Cuiab\u00e1\" \/>\n<meta property=\"article:published_time\" content=\"2020-09-09T23:59:49+00:00\" \/>\n<meta property=\"og:image\" content=\"https:\/\/cuiaba.eleusal.com\/wp-content\/uploads\/sites\/19\/2020\/09\/14712610_1792247967729952_4761026391703796102_o-300x199-1.jpg\" \/>\n\t<meta property=\"og:image:width\" content=\"300\" \/>\n\t<meta property=\"og:image:height\" content=\"199\" \/>\n\t<meta property=\"og:image:type\" content=\"image\/jpeg\" \/>\n<meta name=\"author\" content=\"cuiaba\" \/>\n<meta name=\"twitter:card\" content=\"summary_large_image\" \/>\n<meta name=\"twitter:label1\" content=\"Escrito por\" \/>\n\t<meta name=\"twitter:data1\" content=\"cuiaba\" \/>\n<script type=\"application\/ld+json\" class=\"yoast-schema-graph\">{\"@context\":\"https:\/\/schema.org\",\"@graph\":[{\"@type\":\"WebPage\",\"@id\":\"https:\/\/cuiaba.eleusal.com\/es\/participacion-de-la-escuela-ele-usal-cuiaba-en-la-i-jornada-cientifica-del-ifmt-campus-de-primavera-do-leste\/\",\"url\":\"https:\/\/cuiaba.eleusal.com\/es\/participacion-de-la-escuela-ele-usal-cuiaba-en-la-i-jornada-cientifica-del-ifmt-campus-de-primavera-do-leste\/\",\"name\":\"Participaci\u00f3n de la Escuela ELE USAL Cuiab\u00e1 en la I Jornada Cient\u00edfica del IFMT \u2013 Campus de Primavera do Leste - ELE USAL Cuiab\u00e1\",\"isPartOf\":{\"@id\":\"https:\/\/cuiaba.eleusal.com\/#website\"},\"primaryImageOfPage\":{\"@id\":\"https:\/\/cuiaba.eleusal.com\/es\/participacion-de-la-escuela-ele-usal-cuiaba-en-la-i-jornada-cientifica-del-ifmt-campus-de-primavera-do-leste\/#primaryimage\"},\"image\":{\"@id\":\"https:\/\/cuiaba.eleusal.com\/es\/participacion-de-la-escuela-ele-usal-cuiaba-en-la-i-jornada-cientifica-del-ifmt-campus-de-primavera-do-leste\/#primaryimage\"},\"thumbnailUrl\":\"https:\/\/cuiaba.eleusal.com\/wp-content\/uploads\/sites\/19\/2020\/09\/14712610_1792247967729952_4761026391703796102_o-300x199-1.jpg\",\"datePublished\":\"2020-09-09T23:59:49+00:00\",\"dateModified\":\"2020-09-09T23:59:49+00:00\",\"author\":{\"@id\":\"https:\/\/cuiaba.eleusal.com\/#\/schema\/person\/3cf0dc8938baadf7623ca993a3921529\"},\"breadcrumb\":{\"@id\":\"https:\/\/cuiaba.eleusal.com\/es\/participacion-de-la-escuela-ele-usal-cuiaba-en-la-i-jornada-cientifica-del-ifmt-campus-de-primavera-do-leste\/#breadcrumb\"},\"inLanguage\":\"es\",\"potentialAction\":[{\"@type\":\"ReadAction\",\"target\":[\"https:\/\/cuiaba.eleusal.com\/es\/participacion-de-la-escuela-ele-usal-cuiaba-en-la-i-jornada-cientifica-del-ifmt-campus-de-primavera-do-leste\/\"]}]},{\"@type\":\"ImageObject\",\"inLanguage\":\"es\",\"@id\":\"https:\/\/cuiaba.eleusal.com\/es\/participacion-de-la-escuela-ele-usal-cuiaba-en-la-i-jornada-cientifica-del-ifmt-campus-de-primavera-do-leste\/#primaryimage\",\"url\":\"https:\/\/cuiaba.eleusal.com\/wp-content\/uploads\/sites\/19\/2020\/09\/14712610_1792247967729952_4761026391703796102_o-300x199-1.jpg\",\"contentUrl\":\"https:\/\/cuiaba.eleusal.com\/wp-content\/uploads\/sites\/19\/2020\/09\/14712610_1792247967729952_4761026391703796102_o-300x199-1.jpg\"},{\"@type\":\"BreadcrumbList\",\"@id\":\"https:\/\/cuiaba.eleusal.com\/es\/participacion-de-la-escuela-ele-usal-cuiaba-en-la-i-jornada-cientifica-del-ifmt-campus-de-primavera-do-leste\/#breadcrumb\",\"itemListElement\":[{\"@type\":\"ListItem\",\"position\":1,\"name\":\"Home\",\"item\":\"https:\/\/cuiaba.eleusal.com\/es\/\"},{\"@type\":\"ListItem\",\"position\":2,\"name\":\"Participaci\u00f3n de la Escuela ELE USAL Cuiab\u00e1 en la I Jornada Cient\u00edfica del IFMT \u2013 Campus de Primavera do Leste\"}]},{\"@type\":\"WebSite\",\"@id\":\"https:\/\/cuiaba.eleusal.com\/#website\",\"url\":\"https:\/\/cuiaba.eleusal.com\/\",\"name\":\"ELE USAL Cuiab\u00e1\",\"description\":\"ELE USAL\",\"potentialAction\":[{\"@type\":\"SearchAction\",\"target\":{\"@type\":\"EntryPoint\",\"urlTemplate\":\"https:\/\/cuiaba.eleusal.com\/?s={search_term_string}\"},\"query-input\":{\"@type\":\"PropertyValueSpecification\",\"valueRequired\":true,\"valueName\":\"search_term_string\"}}],\"inLanguage\":\"es\"},{\"@type\":\"Person\",\"@id\":\"https:\/\/cuiaba.eleusal.com\/#\/schema\/person\/3cf0dc8938baadf7623ca993a3921529\",\"name\":\"cuiaba\",\"image\":{\"@type\":\"ImageObject\",\"inLanguage\":\"es\",\"@id\":\"https:\/\/cuiaba.eleusal.com\/#\/schema\/person\/image\/\",\"url\":\"https:\/\/secure.gravatar.com\/avatar\/047347f729b414e43ddc7ff00fb8c05f?s=96&d=mm&r=g\",\"contentUrl\":\"https:\/\/secure.gravatar.com\/avatar\/047347f729b414e43ddc7ff00fb8c05f?s=96&d=mm&r=g\",\"caption\":\"cuiaba\"},\"url\":\"https:\/\/cuiaba.eleusal.com\/es\/author\/cuiaba\/\"}]}<\/script>\n<!-- \/ Yoast SEO plugin. -->","yoast_head_json":{"title":"Participaci\u00f3n de la Escuela ELE USAL Cuiab\u00e1 en la I Jornada Cient\u00edfica del IFMT \u2013 Campus de Primavera do Leste - ELE USAL Cuiab\u00e1","robots":{"index":"index","follow":"follow","max-snippet":"max-snippet:-1","max-image-preview":"max-image-preview:large","max-video-preview":"max-video-preview:-1"},"canonical":"https:\/\/cuiaba.eleusal.com\/es\/participacion-de-la-escuela-ele-usal-cuiaba-en-la-i-jornada-cientifica-del-ifmt-campus-de-primavera-do-leste\/","og_locale":"es_ES","og_type":"article","og_title":"Participaci\u00f3n de la Escuela ELE USAL Cuiab\u00e1 en la I Jornada Cient\u00edfica del IFMT \u2013 Campus de Primavera do Leste - ELE USAL Cuiab\u00e1","og_description":"Con motivo de la I Jornada Cient\u00edfica del IFMT del Campus de Primavera de Leste, en el interior del Estado de Mato Grosso, Brasil, la escuela ELE USAL Cuiab\u00e1, particip\u00f3 del Workshop de Relaciones Internacionales, junto con la Directora de Relaciones Internacionales Prof. S\u00f4nia Regina...","og_url":"https:\/\/cuiaba.eleusal.com\/es\/participacion-de-la-escuela-ele-usal-cuiaba-en-la-i-jornada-cientifica-del-ifmt-campus-de-primavera-do-leste\/","og_site_name":"ELE USAL Cuiab\u00e1","article_published_time":"2020-09-09T23:59:49+00:00","og_image":[{"width":300,"height":199,"url":"https:\/\/cuiaba.eleusal.com\/wp-content\/uploads\/sites\/19\/2020\/09\/14712610_1792247967729952_4761026391703796102_o-300x199-1.jpg","type":"image\/jpeg"}],"author":"cuiaba","twitter_card":"summary_large_image","twitter_misc":{"Escrito por":"cuiaba"},"schema":{"@context":"https:\/\/schema.org","@graph":[{"@type":"WebPage","@id":"https:\/\/cuiaba.eleusal.com\/es\/participacion-de-la-escuela-ele-usal-cuiaba-en-la-i-jornada-cientifica-del-ifmt-campus-de-primavera-do-leste\/","url":"https:\/\/cuiaba.eleusal.com\/es\/participacion-de-la-escuela-ele-usal-cuiaba-en-la-i-jornada-cientifica-del-ifmt-campus-de-primavera-do-leste\/","name":"Participaci\u00f3n de la Escuela ELE USAL Cuiab\u00e1 en la I Jornada Cient\u00edfica del IFMT \u2013 Campus de Primavera do Leste - ELE USAL Cuiab\u00e1","isPartOf":{"@id":"https:\/\/cuiaba.eleusal.com\/#website"},"primaryImageOfPage":{"@id":"https:\/\/cuiaba.eleusal.com\/es\/participacion-de-la-escuela-ele-usal-cuiaba-en-la-i-jornada-cientifica-del-ifmt-campus-de-primavera-do-leste\/#primaryimage"},"image":{"@id":"https:\/\/cuiaba.eleusal.com\/es\/participacion-de-la-escuela-ele-usal-cuiaba-en-la-i-jornada-cientifica-del-ifmt-campus-de-primavera-do-leste\/#primaryimage"},"thumbnailUrl":"https:\/\/cuiaba.eleusal.com\/wp-content\/uploads\/sites\/19\/2020\/09\/14712610_1792247967729952_4761026391703796102_o-300x199-1.jpg","datePublished":"2020-09-09T23:59:49+00:00","dateModified":"2020-09-09T23:59:49+00:00","author":{"@id":"https:\/\/cuiaba.eleusal.com\/#\/schema\/person\/3cf0dc8938baadf7623ca993a3921529"},"breadcrumb":{"@id":"https:\/\/cuiaba.eleusal.com\/es\/participacion-de-la-escuela-ele-usal-cuiaba-en-la-i-jornada-cientifica-del-ifmt-campus-de-primavera-do-leste\/#breadcrumb"},"inLanguage":"es","potentialAction":[{"@type":"ReadAction","target":["https:\/\/cuiaba.eleusal.com\/es\/participacion-de-la-escuela-ele-usal-cuiaba-en-la-i-jornada-cientifica-del-ifmt-campus-de-primavera-do-leste\/"]}]},{"@type":"ImageObject","inLanguage":"es","@id":"https:\/\/cuiaba.eleusal.com\/es\/participacion-de-la-escuela-ele-usal-cuiaba-en-la-i-jornada-cientifica-del-ifmt-campus-de-primavera-do-leste\/#primaryimage","url":"https:\/\/cuiaba.eleusal.com\/wp-content\/uploads\/sites\/19\/2020\/09\/14712610_1792247967729952_4761026391703796102_o-300x199-1.jpg","contentUrl":"https:\/\/cuiaba.eleusal.com\/wp-content\/uploads\/sites\/19\/2020\/09\/14712610_1792247967729952_4761026391703796102_o-300x199-1.jpg"},{"@type":"BreadcrumbList","@id":"https:\/\/cuiaba.eleusal.com\/es\/participacion-de-la-escuela-ele-usal-cuiaba-en-la-i-jornada-cientifica-del-ifmt-campus-de-primavera-do-leste\/#breadcrumb","itemListElement":[{"@type":"ListItem","position":1,"name":"Home","item":"https:\/\/cuiaba.eleusal.com\/es\/"},{"@type":"ListItem","position":2,"name":"Participaci\u00f3n de la Escuela ELE USAL Cuiab\u00e1 en la I Jornada Cient\u00edfica del IFMT \u2013 Campus de Primavera do Leste"}]},{"@type":"WebSite","@id":"https:\/\/cuiaba.eleusal.com\/#website","url":"https:\/\/cuiaba.eleusal.com\/","name":"ELE USAL Cuiab\u00e1","description":"ELE USAL","potentialAction":[{"@type":"SearchAction","target":{"@type":"EntryPoint","urlTemplate":"https:\/\/cuiaba.eleusal.com\/?s={search_term_string}"},"query-input":{"@type":"PropertyValueSpecification","valueRequired":true,"valueName":"search_term_string"}}],"inLanguage":"es"},{"@type":"Person","@id":"https:\/\/cuiaba.eleusal.com\/#\/schema\/person\/3cf0dc8938baadf7623ca993a3921529","name":"cuiaba","image":{"@type":"ImageObject","inLanguage":"es","@id":"https:\/\/cuiaba.eleusal.com\/#\/schema\/person\/image\/","url":"https:\/\/secure.gravatar.com\/avatar\/047347f729b414e43ddc7ff00fb8c05f?s=96&d=mm&r=g","contentUrl":"https:\/\/secure.gravatar.com\/avatar\/047347f729b414e43ddc7ff00fb8c05f?s=96&d=mm&r=g","caption":"cuiaba"},"url":"https:\/\/cuiaba.eleusal.com\/es\/author\/cuiaba\/"}]}},"_links":{"self":[{"href":"https:\/\/cuiaba.eleusal.com\/es\/wp-json\/wp\/v2\/posts\/1583","targetHints":{"allow":["GET"]}}],"collection":[{"href":"https:\/\/cuiaba.eleusal.com\/es\/wp-json\/wp\/v2\/posts"}],"about":[{"href":"https:\/\/cuiaba.eleusal.com\/es\/wp-json\/wp\/v2\/types\/post"}],"author":[{"embeddable":true,"href":"https:\/\/cuiaba.eleusal.com\/es\/wp-json\/wp\/v2\/users\/18"}],"replies":[{"embeddable":true,"href":"https:\/\/cuiaba.eleusal.com\/es\/wp-json\/wp\/v2\/comments?post=1583"}],"version-history":[{"count":1,"href":"https:\/\/cuiaba.eleusal.com\/es\/wp-json\/wp\/v2\/posts\/1583\/revisions"}],"predecessor-version":[{"id":1593,"href":"https:\/\/cuiaba.eleusal.com\/es\/wp-json\/wp\/v2\/posts\/1583\/revisions\/1593"}],"wp:attachment":[{"href":"https:\/\/cuiaba.eleusal.com\/es\/wp-json\/wp\/v2\/media?parent=1583"}],"wp:term":[{"taxonomy":"category","embeddable":true,"href":"https:\/\/cuiaba.eleusal.com\/es\/wp-json\/wp\/v2\/categories?post=1583"},{"taxonomy":"post_tag","embeddable":true,"href":"https:\/\/cuiaba.eleusal.com\/es\/wp-json\/wp\/v2\/tags?post=1583"}],"curies":[{"name":"wp","href":"https:\/\/api.w.org\/{rel}","templated":true}]}}