{"id":1611,"date":"2020-09-10T02:10:35","date_gmt":"2020-09-10T00:10:35","guid":{"rendered":"https:\/\/cuiaba.eleusal.com\/?p=1611"},"modified":"2020-09-10T02:10:35","modified_gmt":"2020-09-10T00:10:35","slug":"presentacion-de-la-escuela-ele-usal-cuiaba-al-director-general-del-campus-de-rondonopolis-del-ifmt","status":"publish","type":"post","link":"https:\/\/cuiaba.eleusal.com\/es\/presentacion-de-la-escuela-ele-usal-cuiaba-al-director-general-del-campus-de-rondonopolis-del-ifmt\/","title":{"rendered":"Presentaci\u00f3n de la Escuela ELE USAL Cuiab\u00e1 al Director General del Campus de Rondonopolis del IFMT"},"content":{"rendered":"<p>Los directores de la Escuela de Lengua Espa\u00f1ola de la Universidad de Salamanca \u2013 ELE USAL Cuiab\u00e1 se reunieron con \u00a0el Director General del Campus del IFMT, Prof. Osmar A. Magnabosco para abordar la formaci\u00f3n de los profesores y alumnos da la comunidad de Rondonopolis. En la reuni\u00f3n estuvo presente tambien la respresentante de Relaciones Internacionales del Campus de Rondonopolis, la Prof\u00aa. Larissa Muller de Faria. El municipio de Rondonopolis es uno de los mas importantes del Estado de Mato Grosso.<\/p>\n<p>&nbsp;<\/p>\n","protected":false},"excerpt":{"rendered":"<p>Los directores de la Escuela de Lengua Espa\u00f1ola de la Universidad de Salamanca \u2013 ELE USAL Cuiab\u00e1 se reunieron con \u00a0el Director General del Campus del IFMT, Prof. Osmar A. Magnabosco para abordar la formaci\u00f3n de los profesores y alumnos da la comunidad de Rondonopolis&#8230;.<\/p>\n","protected":false},"author":18,"featured_media":0,"comment_status":"closed","ping_status":"closed","sticky":false,"template":"","format":"standard","meta":{"footnotes":""},"categories":[93],"tags":[],"class_list":["post-1611","post","type-post","status-publish","format-standard","hentry","category-sin-categorizar"],"yoast_head":"<!-- This site is optimized with the Yoast SEO plugin v24.2 - https:\/\/yoast.com\/wordpress\/plugins\/seo\/ -->\n<title>Presentaci\u00f3n de la Escuela ELE USAL Cuiab\u00e1 al Director General del Campus de Rondonopolis del IFMT - ELE USAL Cuiab\u00e1<\/title>\n<meta name=\"robots\" content=\"index, follow, max-snippet:-1, max-image-preview:large, max-video-preview:-1\" \/>\n<link rel=\"canonical\" href=\"https:\/\/cuiaba.eleusal.com\/es\/presentacion-de-la-escuela-ele-usal-cuiaba-al-director-general-del-campus-de-rondonopolis-del-ifmt\/\" \/>\n<meta property=\"og:locale\" content=\"es_ES\" \/>\n<meta property=\"og:type\" content=\"article\" \/>\n<meta property=\"og:title\" content=\"Presentaci\u00f3n de la Escuela ELE USAL Cuiab\u00e1 al Director General del Campus de Rondonopolis del IFMT - ELE USAL Cuiab\u00e1\" \/>\n<meta property=\"og:description\" content=\"Los directores de la Escuela de Lengua Espa\u00f1ola de la Universidad de Salamanca \u2013 ELE USAL Cuiab\u00e1 se reunieron con \u00a0el Director General del Campus del IFMT, Prof. Osmar A. Magnabosco para abordar la formaci\u00f3n de los profesores y alumnos da la comunidad de Rondonopolis....\" \/>\n<meta property=\"og:url\" content=\"https:\/\/cuiaba.eleusal.com\/es\/presentacion-de-la-escuela-ele-usal-cuiaba-al-director-general-del-campus-de-rondonopolis-del-ifmt\/\" \/>\n<meta property=\"og:site_name\" content=\"ELE USAL Cuiab\u00e1\" \/>\n<meta property=\"article:published_time\" content=\"2020-09-10T00:10:35+00:00\" \/>\n<meta name=\"author\" content=\"cuiaba\" \/>\n<meta name=\"twitter:card\" content=\"summary_large_image\" \/>\n<meta name=\"twitter:label1\" content=\"Escrito por\" \/>\n\t<meta name=\"twitter:data1\" content=\"cuiaba\" \/>\n<script type=\"application\/ld+json\" class=\"yoast-schema-graph\">{\"@context\":\"https:\/\/schema.org\",\"@graph\":[{\"@type\":\"WebPage\",\"@id\":\"https:\/\/cuiaba.eleusal.com\/es\/presentacion-de-la-escuela-ele-usal-cuiaba-al-director-general-del-campus-de-rondonopolis-del-ifmt\/\",\"url\":\"https:\/\/cuiaba.eleusal.com\/es\/presentacion-de-la-escuela-ele-usal-cuiaba-al-director-general-del-campus-de-rondonopolis-del-ifmt\/\",\"name\":\"Presentaci\u00f3n de la Escuela ELE USAL Cuiab\u00e1 al Director General del Campus de Rondonopolis del IFMT - ELE USAL Cuiab\u00e1\",\"isPartOf\":{\"@id\":\"https:\/\/cuiaba.eleusal.com\/#website\"},\"datePublished\":\"2020-09-10T00:10:35+00:00\",\"dateModified\":\"2020-09-10T00:10:35+00:00\",\"author\":{\"@id\":\"https:\/\/cuiaba.eleusal.com\/#\/schema\/person\/3cf0dc8938baadf7623ca993a3921529\"},\"breadcrumb\":{\"@id\":\"https:\/\/cuiaba.eleusal.com\/es\/presentacion-de-la-escuela-ele-usal-cuiaba-al-director-general-del-campus-de-rondonopolis-del-ifmt\/#breadcrumb\"},\"inLanguage\":\"es\",\"potentialAction\":[{\"@type\":\"ReadAction\",\"target\":[\"https:\/\/cuiaba.eleusal.com\/es\/presentacion-de-la-escuela-ele-usal-cuiaba-al-director-general-del-campus-de-rondonopolis-del-ifmt\/\"]}]},{\"@type\":\"BreadcrumbList\",\"@id\":\"https:\/\/cuiaba.eleusal.com\/es\/presentacion-de-la-escuela-ele-usal-cuiaba-al-director-general-del-campus-de-rondonopolis-del-ifmt\/#breadcrumb\",\"itemListElement\":[{\"@type\":\"ListItem\",\"position\":1,\"name\":\"Home\",\"item\":\"https:\/\/cuiaba.eleusal.com\/es\/\"},{\"@type\":\"ListItem\",\"position\":2,\"name\":\"Presentaci\u00f3n de la Escuela ELE USAL Cuiab\u00e1 al Director General del Campus de Rondonopolis del IFMT\"}]},{\"@type\":\"WebSite\",\"@id\":\"https:\/\/cuiaba.eleusal.com\/#website\",\"url\":\"https:\/\/cuiaba.eleusal.com\/\",\"name\":\"ELE USAL Cuiab\u00e1\",\"description\":\"ELE USAL\",\"potentialAction\":[{\"@type\":\"SearchAction\",\"target\":{\"@type\":\"EntryPoint\",\"urlTemplate\":\"https:\/\/cuiaba.eleusal.com\/?s={search_term_string}\"},\"query-input\":{\"@type\":\"PropertyValueSpecification\",\"valueRequired\":true,\"valueName\":\"search_term_string\"}}],\"inLanguage\":\"es\"},{\"@type\":\"Person\",\"@id\":\"https:\/\/cuiaba.eleusal.com\/#\/schema\/person\/3cf0dc8938baadf7623ca993a3921529\",\"name\":\"cuiaba\",\"image\":{\"@type\":\"ImageObject\",\"inLanguage\":\"es\",\"@id\":\"https:\/\/cuiaba.eleusal.com\/#\/schema\/person\/image\/\",\"url\":\"https:\/\/secure.gravatar.com\/avatar\/047347f729b414e43ddc7ff00fb8c05f?s=96&d=mm&r=g\",\"contentUrl\":\"https:\/\/secure.gravatar.com\/avatar\/047347f729b414e43ddc7ff00fb8c05f?s=96&d=mm&r=g\",\"caption\":\"cuiaba\"},\"url\":\"https:\/\/cuiaba.eleusal.com\/es\/author\/cuiaba\/\"}]}<\/script>\n<!-- \/ Yoast SEO plugin. -->","yoast_head_json":{"title":"Presentaci\u00f3n de la Escuela ELE USAL Cuiab\u00e1 al Director General del Campus de Rondonopolis del IFMT - ELE USAL Cuiab\u00e1","robots":{"index":"index","follow":"follow","max-snippet":"max-snippet:-1","max-image-preview":"max-image-preview:large","max-video-preview":"max-video-preview:-1"},"canonical":"https:\/\/cuiaba.eleusal.com\/es\/presentacion-de-la-escuela-ele-usal-cuiaba-al-director-general-del-campus-de-rondonopolis-del-ifmt\/","og_locale":"es_ES","og_type":"article","og_title":"Presentaci\u00f3n de la Escuela ELE USAL Cuiab\u00e1 al Director General del Campus de Rondonopolis del IFMT - ELE USAL Cuiab\u00e1","og_description":"Los directores de la Escuela de Lengua Espa\u00f1ola de la Universidad de Salamanca \u2013 ELE USAL Cuiab\u00e1 se reunieron con \u00a0el Director General del Campus del IFMT, Prof. Osmar A. Magnabosco para abordar la formaci\u00f3n de los profesores y alumnos da la comunidad de Rondonopolis....","og_url":"https:\/\/cuiaba.eleusal.com\/es\/presentacion-de-la-escuela-ele-usal-cuiaba-al-director-general-del-campus-de-rondonopolis-del-ifmt\/","og_site_name":"ELE USAL Cuiab\u00e1","article_published_time":"2020-09-10T00:10:35+00:00","author":"cuiaba","twitter_card":"summary_large_image","twitter_misc":{"Escrito por":"cuiaba"},"schema":{"@context":"https:\/\/schema.org","@graph":[{"@type":"WebPage","@id":"https:\/\/cuiaba.eleusal.com\/es\/presentacion-de-la-escuela-ele-usal-cuiaba-al-director-general-del-campus-de-rondonopolis-del-ifmt\/","url":"https:\/\/cuiaba.eleusal.com\/es\/presentacion-de-la-escuela-ele-usal-cuiaba-al-director-general-del-campus-de-rondonopolis-del-ifmt\/","name":"Presentaci\u00f3n de la Escuela ELE USAL Cuiab\u00e1 al Director General del Campus de Rondonopolis del IFMT - ELE USAL Cuiab\u00e1","isPartOf":{"@id":"https:\/\/cuiaba.eleusal.com\/#website"},"datePublished":"2020-09-10T00:10:35+00:00","dateModified":"2020-09-10T00:10:35+00:00","author":{"@id":"https:\/\/cuiaba.eleusal.com\/#\/schema\/person\/3cf0dc8938baadf7623ca993a3921529"},"breadcrumb":{"@id":"https:\/\/cuiaba.eleusal.com\/es\/presentacion-de-la-escuela-ele-usal-cuiaba-al-director-general-del-campus-de-rondonopolis-del-ifmt\/#breadcrumb"},"inLanguage":"es","potentialAction":[{"@type":"ReadAction","target":["https:\/\/cuiaba.eleusal.com\/es\/presentacion-de-la-escuela-ele-usal-cuiaba-al-director-general-del-campus-de-rondonopolis-del-ifmt\/"]}]},{"@type":"BreadcrumbList","@id":"https:\/\/cuiaba.eleusal.com\/es\/presentacion-de-la-escuela-ele-usal-cuiaba-al-director-general-del-campus-de-rondonopolis-del-ifmt\/#breadcrumb","itemListElement":[{"@type":"ListItem","position":1,"name":"Home","item":"https:\/\/cuiaba.eleusal.com\/es\/"},{"@type":"ListItem","position":2,"name":"Presentaci\u00f3n de la Escuela ELE USAL Cuiab\u00e1 al Director General del Campus de Rondonopolis del IFMT"}]},{"@type":"WebSite","@id":"https:\/\/cuiaba.eleusal.com\/#website","url":"https:\/\/cuiaba.eleusal.com\/","name":"ELE USAL Cuiab\u00e1","description":"ELE USAL","potentialAction":[{"@type":"SearchAction","target":{"@type":"EntryPoint","urlTemplate":"https:\/\/cuiaba.eleusal.com\/?s={search_term_string}"},"query-input":{"@type":"PropertyValueSpecification","valueRequired":true,"valueName":"search_term_string"}}],"inLanguage":"es"},{"@type":"Person","@id":"https:\/\/cuiaba.eleusal.com\/#\/schema\/person\/3cf0dc8938baadf7623ca993a3921529","name":"cuiaba","image":{"@type":"ImageObject","inLanguage":"es","@id":"https:\/\/cuiaba.eleusal.com\/#\/schema\/person\/image\/","url":"https:\/\/secure.gravatar.com\/avatar\/047347f729b414e43ddc7ff00fb8c05f?s=96&d=mm&r=g","contentUrl":"https:\/\/secure.gravatar.com\/avatar\/047347f729b414e43ddc7ff00fb8c05f?s=96&d=mm&r=g","caption":"cuiaba"},"url":"https:\/\/cuiaba.eleusal.com\/es\/author\/cuiaba\/"}]}},"_links":{"self":[{"href":"https:\/\/cuiaba.eleusal.com\/es\/wp-json\/wp\/v2\/posts\/1611","targetHints":{"allow":["GET"]}}],"collection":[{"href":"https:\/\/cuiaba.eleusal.com\/es\/wp-json\/wp\/v2\/posts"}],"about":[{"href":"https:\/\/cuiaba.eleusal.com\/es\/wp-json\/wp\/v2\/types\/post"}],"author":[{"embeddable":true,"href":"https:\/\/cuiaba.eleusal.com\/es\/wp-json\/wp\/v2\/users\/18"}],"replies":[{"embeddable":true,"href":"https:\/\/cuiaba.eleusal.com\/es\/wp-json\/wp\/v2\/comments?post=1611"}],"version-history":[{"count":1,"href":"https:\/\/cuiaba.eleusal.com\/es\/wp-json\/wp\/v2\/posts\/1611\/revisions"}],"predecessor-version":[{"id":1612,"href":"https:\/\/cuiaba.eleusal.com\/es\/wp-json\/wp\/v2\/posts\/1611\/revisions\/1612"}],"wp:attachment":[{"href":"https:\/\/cuiaba.eleusal.com\/es\/wp-json\/wp\/v2\/media?parent=1611"}],"wp:term":[{"taxonomy":"category","embeddable":true,"href":"https:\/\/cuiaba.eleusal.com\/es\/wp-json\/wp\/v2\/categories?post=1611"},{"taxonomy":"post_tag","embeddable":true,"href":"https:\/\/cuiaba.eleusal.com\/es\/wp-json\/wp\/v2\/tags?post=1611"}],"curies":[{"name":"wp","href":"https:\/\/api.w.org\/{rel}","templated":true}]}}