{"id":1618,"date":"2020-09-10T02:15:13","date_gmt":"2020-09-10T00:15:13","guid":{"rendered":"https:\/\/cuiaba.eleusal.com\/?p=1618"},"modified":"2020-09-14T13:20:00","modified_gmt":"2020-09-14T11:20:00","slug":"presentacion-de-los-programas-de-intercambio-de-la-escuela-ele-usal-cuiaba-a-seduc","status":"publish","type":"post","link":"https:\/\/cuiaba.eleusal.com\/es\/presentacion-de-los-programas-de-intercambio-de-la-escuela-ele-usal-cuiaba-a-seduc\/","title":{"rendered":"Presentaci\u00f3n de los Programas de Intercambio de la Escuela ELE USAL Cuiab\u00e1 a SEDUC"},"content":{"rendered":"<p>Los directores de la Escuela de Lengua Espa\u00f1ola de la Universidad de Salamanca \u2013 ELE USAL Cuiab\u00e1 se reunieron con \u00a0los Coordinadores de Ling\u00fc\u00edstica de la Secretaria Estatal de Educaci\u00f3n del Mato Grosso, Prof\u00aa. Danielle Tesselle y el Prof. Itamar Bressan para abordar la formaci\u00f3n en Lengua Espa\u00f1a de los profesores y alumnos, a trav\u00e9s de \u00a0programas de intercambio. En la reuni\u00f3n \u00a0se presento los diferentes Cursos de Cultura y Lengua Espa\u00f1ola de la Escuela ELE USAL Cuiab\u00e1 y Cursos Internacionales de la Universidad de Salamanca.<\/p>\n<p><img loading=\"lazy\" decoding=\"async\" class=\"alignnone size-full wp-image-1616\" src=\"https:\/\/cuiaba.eleusal.com\/wp-content\/uploads\/sites\/19\/2020\/09\/WhatsApp-Image-2016-12-16-at-10.36.16-224x300-1.jpeg\" alt=\"\" width=\"224\" height=\"300\" \/><\/p>\n","protected":false},"excerpt":{"rendered":"<p>Los directores de la Escuela de Lengua Espa\u00f1ola de la Universidad de Salamanca \u2013 ELE USAL Cuiab\u00e1 se reunieron con \u00a0los Coordinadores de Ling\u00fc\u00edstica de la Secretaria Estatal de Educaci\u00f3n del Mato Grosso, Prof\u00aa. Danielle Tesselle y el Prof. Itamar Bressan para abordar la formaci\u00f3n&#8230;<\/p>\n","protected":false},"author":18,"featured_media":0,"comment_status":"open","ping_status":"open","sticky":false,"template":"","format":"standard","meta":{"footnotes":""},"categories":[93],"tags":[],"class_list":["post-1618","post","type-post","status-publish","format-standard","hentry","category-sin-categorizar"],"yoast_head":"<!-- This site is optimized with the Yoast SEO plugin v24.2 - https:\/\/yoast.com\/wordpress\/plugins\/seo\/ -->\n<title>Presentaci\u00f3n de los Programas de Intercambio de la Escuela ELE USAL Cuiab\u00e1 a SEDUC - ELE USAL Cuiab\u00e1<\/title>\n<meta name=\"robots\" content=\"index, follow, max-snippet:-1, max-image-preview:large, max-video-preview:-1\" \/>\n<link rel=\"canonical\" href=\"https:\/\/cuiaba.eleusal.com\/es\/presentacion-de-los-programas-de-intercambio-de-la-escuela-ele-usal-cuiaba-a-seduc\/\" \/>\n<meta property=\"og:locale\" content=\"es_ES\" \/>\n<meta property=\"og:type\" content=\"article\" \/>\n<meta property=\"og:title\" content=\"Presentaci\u00f3n de los Programas de Intercambio de la Escuela ELE USAL Cuiab\u00e1 a SEDUC - ELE USAL Cuiab\u00e1\" \/>\n<meta property=\"og:description\" content=\"Los directores de la Escuela de Lengua Espa\u00f1ola de la Universidad de Salamanca \u2013 ELE USAL Cuiab\u00e1 se reunieron con \u00a0los Coordinadores de Ling\u00fc\u00edstica de la Secretaria Estatal de Educaci\u00f3n del Mato Grosso, Prof\u00aa. Danielle Tesselle y el Prof. Itamar Bressan para abordar la formaci\u00f3n...\" \/>\n<meta property=\"og:url\" content=\"https:\/\/cuiaba.eleusal.com\/es\/presentacion-de-los-programas-de-intercambio-de-la-escuela-ele-usal-cuiaba-a-seduc\/\" \/>\n<meta property=\"og:site_name\" content=\"ELE USAL Cuiab\u00e1\" \/>\n<meta property=\"article:published_time\" content=\"2020-09-10T00:15:13+00:00\" \/>\n<meta property=\"article:modified_time\" content=\"2020-09-14T11:20:00+00:00\" \/>\n<meta property=\"og:image\" content=\"https:\/\/cuiaba.eleusal.com\/wp-content\/uploads\/sites\/19\/2020\/09\/WhatsApp-Image-2016-12-16-at-10.36.16-224x300-1.jpeg\" \/>\n\t<meta property=\"og:image:width\" content=\"224\" \/>\n\t<meta property=\"og:image:height\" content=\"300\" \/>\n\t<meta property=\"og:image:type\" content=\"image\/jpeg\" \/>\n<meta name=\"author\" content=\"cuiaba\" \/>\n<meta name=\"twitter:card\" content=\"summary_large_image\" \/>\n<meta name=\"twitter:label1\" content=\"Escrito por\" \/>\n\t<meta name=\"twitter:data1\" content=\"cuiaba\" \/>\n<script type=\"application\/ld+json\" class=\"yoast-schema-graph\">{\"@context\":\"https:\/\/schema.org\",\"@graph\":[{\"@type\":\"WebPage\",\"@id\":\"https:\/\/cuiaba.eleusal.com\/es\/presentacion-de-los-programas-de-intercambio-de-la-escuela-ele-usal-cuiaba-a-seduc\/\",\"url\":\"https:\/\/cuiaba.eleusal.com\/es\/presentacion-de-los-programas-de-intercambio-de-la-escuela-ele-usal-cuiaba-a-seduc\/\",\"name\":\"Presentaci\u00f3n de los Programas de Intercambio de la Escuela ELE USAL Cuiab\u00e1 a SEDUC - ELE USAL Cuiab\u00e1\",\"isPartOf\":{\"@id\":\"https:\/\/cuiaba.eleusal.com\/#website\"},\"primaryImageOfPage\":{\"@id\":\"https:\/\/cuiaba.eleusal.com\/es\/presentacion-de-los-programas-de-intercambio-de-la-escuela-ele-usal-cuiaba-a-seduc\/#primaryimage\"},\"image\":{\"@id\":\"https:\/\/cuiaba.eleusal.com\/es\/presentacion-de-los-programas-de-intercambio-de-la-escuela-ele-usal-cuiaba-a-seduc\/#primaryimage\"},\"thumbnailUrl\":\"https:\/\/cuiaba.eleusal.com\/wp-content\/uploads\/sites\/19\/2020\/09\/WhatsApp-Image-2016-12-16-at-10.36.16-224x300-1.jpeg\",\"datePublished\":\"2020-09-10T00:15:13+00:00\",\"dateModified\":\"2020-09-14T11:20:00+00:00\",\"author\":{\"@id\":\"https:\/\/cuiaba.eleusal.com\/#\/schema\/person\/3cf0dc8938baadf7623ca993a3921529\"},\"breadcrumb\":{\"@id\":\"https:\/\/cuiaba.eleusal.com\/es\/presentacion-de-los-programas-de-intercambio-de-la-escuela-ele-usal-cuiaba-a-seduc\/#breadcrumb\"},\"inLanguage\":\"es\",\"potentialAction\":[{\"@type\":\"ReadAction\",\"target\":[\"https:\/\/cuiaba.eleusal.com\/es\/presentacion-de-los-programas-de-intercambio-de-la-escuela-ele-usal-cuiaba-a-seduc\/\"]}]},{\"@type\":\"ImageObject\",\"inLanguage\":\"es\",\"@id\":\"https:\/\/cuiaba.eleusal.com\/es\/presentacion-de-los-programas-de-intercambio-de-la-escuela-ele-usal-cuiaba-a-seduc\/#primaryimage\",\"url\":\"https:\/\/cuiaba.eleusal.com\/wp-content\/uploads\/sites\/19\/2020\/09\/WhatsApp-Image-2016-12-16-at-10.36.16-224x300-1.jpeg\",\"contentUrl\":\"https:\/\/cuiaba.eleusal.com\/wp-content\/uploads\/sites\/19\/2020\/09\/WhatsApp-Image-2016-12-16-at-10.36.16-224x300-1.jpeg\"},{\"@type\":\"BreadcrumbList\",\"@id\":\"https:\/\/cuiaba.eleusal.com\/es\/presentacion-de-los-programas-de-intercambio-de-la-escuela-ele-usal-cuiaba-a-seduc\/#breadcrumb\",\"itemListElement\":[{\"@type\":\"ListItem\",\"position\":1,\"name\":\"Home\",\"item\":\"https:\/\/cuiaba.eleusal.com\/es\/\"},{\"@type\":\"ListItem\",\"position\":2,\"name\":\"Presentaci\u00f3n de los Programas de Intercambio de la Escuela ELE USAL Cuiab\u00e1 a SEDUC\"}]},{\"@type\":\"WebSite\",\"@id\":\"https:\/\/cuiaba.eleusal.com\/#website\",\"url\":\"https:\/\/cuiaba.eleusal.com\/\",\"name\":\"ELE USAL Cuiab\u00e1\",\"description\":\"ELE USAL\",\"potentialAction\":[{\"@type\":\"SearchAction\",\"target\":{\"@type\":\"EntryPoint\",\"urlTemplate\":\"https:\/\/cuiaba.eleusal.com\/?s={search_term_string}\"},\"query-input\":{\"@type\":\"PropertyValueSpecification\",\"valueRequired\":true,\"valueName\":\"search_term_string\"}}],\"inLanguage\":\"es\"},{\"@type\":\"Person\",\"@id\":\"https:\/\/cuiaba.eleusal.com\/#\/schema\/person\/3cf0dc8938baadf7623ca993a3921529\",\"name\":\"cuiaba\",\"image\":{\"@type\":\"ImageObject\",\"inLanguage\":\"es\",\"@id\":\"https:\/\/cuiaba.eleusal.com\/#\/schema\/person\/image\/\",\"url\":\"https:\/\/secure.gravatar.com\/avatar\/047347f729b414e43ddc7ff00fb8c05f?s=96&d=mm&r=g\",\"contentUrl\":\"https:\/\/secure.gravatar.com\/avatar\/047347f729b414e43ddc7ff00fb8c05f?s=96&d=mm&r=g\",\"caption\":\"cuiaba\"},\"url\":\"https:\/\/cuiaba.eleusal.com\/es\/author\/cuiaba\/\"}]}<\/script>\n<!-- \/ Yoast SEO plugin. -->","yoast_head_json":{"title":"Presentaci\u00f3n de los Programas de Intercambio de la Escuela ELE USAL Cuiab\u00e1 a SEDUC - ELE USAL Cuiab\u00e1","robots":{"index":"index","follow":"follow","max-snippet":"max-snippet:-1","max-image-preview":"max-image-preview:large","max-video-preview":"max-video-preview:-1"},"canonical":"https:\/\/cuiaba.eleusal.com\/es\/presentacion-de-los-programas-de-intercambio-de-la-escuela-ele-usal-cuiaba-a-seduc\/","og_locale":"es_ES","og_type":"article","og_title":"Presentaci\u00f3n de los Programas de Intercambio de la Escuela ELE USAL Cuiab\u00e1 a SEDUC - ELE USAL Cuiab\u00e1","og_description":"Los directores de la Escuela de Lengua Espa\u00f1ola de la Universidad de Salamanca \u2013 ELE USAL Cuiab\u00e1 se reunieron con \u00a0los Coordinadores de Ling\u00fc\u00edstica de la Secretaria Estatal de Educaci\u00f3n del Mato Grosso, Prof\u00aa. Danielle Tesselle y el Prof. Itamar Bressan para abordar la formaci\u00f3n...","og_url":"https:\/\/cuiaba.eleusal.com\/es\/presentacion-de-los-programas-de-intercambio-de-la-escuela-ele-usal-cuiaba-a-seduc\/","og_site_name":"ELE USAL Cuiab\u00e1","article_published_time":"2020-09-10T00:15:13+00:00","article_modified_time":"2020-09-14T11:20:00+00:00","og_image":[{"width":224,"height":300,"url":"https:\/\/cuiaba.eleusal.com\/wp-content\/uploads\/sites\/19\/2020\/09\/WhatsApp-Image-2016-12-16-at-10.36.16-224x300-1.jpeg","type":"image\/jpeg"}],"author":"cuiaba","twitter_card":"summary_large_image","twitter_misc":{"Escrito por":"cuiaba"},"schema":{"@context":"https:\/\/schema.org","@graph":[{"@type":"WebPage","@id":"https:\/\/cuiaba.eleusal.com\/es\/presentacion-de-los-programas-de-intercambio-de-la-escuela-ele-usal-cuiaba-a-seduc\/","url":"https:\/\/cuiaba.eleusal.com\/es\/presentacion-de-los-programas-de-intercambio-de-la-escuela-ele-usal-cuiaba-a-seduc\/","name":"Presentaci\u00f3n de los Programas de Intercambio de la Escuela ELE USAL Cuiab\u00e1 a SEDUC - ELE USAL Cuiab\u00e1","isPartOf":{"@id":"https:\/\/cuiaba.eleusal.com\/#website"},"primaryImageOfPage":{"@id":"https:\/\/cuiaba.eleusal.com\/es\/presentacion-de-los-programas-de-intercambio-de-la-escuela-ele-usal-cuiaba-a-seduc\/#primaryimage"},"image":{"@id":"https:\/\/cuiaba.eleusal.com\/es\/presentacion-de-los-programas-de-intercambio-de-la-escuela-ele-usal-cuiaba-a-seduc\/#primaryimage"},"thumbnailUrl":"https:\/\/cuiaba.eleusal.com\/wp-content\/uploads\/sites\/19\/2020\/09\/WhatsApp-Image-2016-12-16-at-10.36.16-224x300-1.jpeg","datePublished":"2020-09-10T00:15:13+00:00","dateModified":"2020-09-14T11:20:00+00:00","author":{"@id":"https:\/\/cuiaba.eleusal.com\/#\/schema\/person\/3cf0dc8938baadf7623ca993a3921529"},"breadcrumb":{"@id":"https:\/\/cuiaba.eleusal.com\/es\/presentacion-de-los-programas-de-intercambio-de-la-escuela-ele-usal-cuiaba-a-seduc\/#breadcrumb"},"inLanguage":"es","potentialAction":[{"@type":"ReadAction","target":["https:\/\/cuiaba.eleusal.com\/es\/presentacion-de-los-programas-de-intercambio-de-la-escuela-ele-usal-cuiaba-a-seduc\/"]}]},{"@type":"ImageObject","inLanguage":"es","@id":"https:\/\/cuiaba.eleusal.com\/es\/presentacion-de-los-programas-de-intercambio-de-la-escuela-ele-usal-cuiaba-a-seduc\/#primaryimage","url":"https:\/\/cuiaba.eleusal.com\/wp-content\/uploads\/sites\/19\/2020\/09\/WhatsApp-Image-2016-12-16-at-10.36.16-224x300-1.jpeg","contentUrl":"https:\/\/cuiaba.eleusal.com\/wp-content\/uploads\/sites\/19\/2020\/09\/WhatsApp-Image-2016-12-16-at-10.36.16-224x300-1.jpeg"},{"@type":"BreadcrumbList","@id":"https:\/\/cuiaba.eleusal.com\/es\/presentacion-de-los-programas-de-intercambio-de-la-escuela-ele-usal-cuiaba-a-seduc\/#breadcrumb","itemListElement":[{"@type":"ListItem","position":1,"name":"Home","item":"https:\/\/cuiaba.eleusal.com\/es\/"},{"@type":"ListItem","position":2,"name":"Presentaci\u00f3n de los Programas de Intercambio de la Escuela ELE USAL Cuiab\u00e1 a SEDUC"}]},{"@type":"WebSite","@id":"https:\/\/cuiaba.eleusal.com\/#website","url":"https:\/\/cuiaba.eleusal.com\/","name":"ELE USAL Cuiab\u00e1","description":"ELE USAL","potentialAction":[{"@type":"SearchAction","target":{"@type":"EntryPoint","urlTemplate":"https:\/\/cuiaba.eleusal.com\/?s={search_term_string}"},"query-input":{"@type":"PropertyValueSpecification","valueRequired":true,"valueName":"search_term_string"}}],"inLanguage":"es"},{"@type":"Person","@id":"https:\/\/cuiaba.eleusal.com\/#\/schema\/person\/3cf0dc8938baadf7623ca993a3921529","name":"cuiaba","image":{"@type":"ImageObject","inLanguage":"es","@id":"https:\/\/cuiaba.eleusal.com\/#\/schema\/person\/image\/","url":"https:\/\/secure.gravatar.com\/avatar\/047347f729b414e43ddc7ff00fb8c05f?s=96&d=mm&r=g","contentUrl":"https:\/\/secure.gravatar.com\/avatar\/047347f729b414e43ddc7ff00fb8c05f?s=96&d=mm&r=g","caption":"cuiaba"},"url":"https:\/\/cuiaba.eleusal.com\/es\/author\/cuiaba\/"}]}},"_links":{"self":[{"href":"https:\/\/cuiaba.eleusal.com\/es\/wp-json\/wp\/v2\/posts\/1618","targetHints":{"allow":["GET"]}}],"collection":[{"href":"https:\/\/cuiaba.eleusal.com\/es\/wp-json\/wp\/v2\/posts"}],"about":[{"href":"https:\/\/cuiaba.eleusal.com\/es\/wp-json\/wp\/v2\/types\/post"}],"author":[{"embeddable":true,"href":"https:\/\/cuiaba.eleusal.com\/es\/wp-json\/wp\/v2\/users\/18"}],"replies":[{"embeddable":true,"href":"https:\/\/cuiaba.eleusal.com\/es\/wp-json\/wp\/v2\/comments?post=1618"}],"version-history":[{"count":1,"href":"https:\/\/cuiaba.eleusal.com\/es\/wp-json\/wp\/v2\/posts\/1618\/revisions"}],"predecessor-version":[{"id":1619,"href":"https:\/\/cuiaba.eleusal.com\/es\/wp-json\/wp\/v2\/posts\/1618\/revisions\/1619"}],"wp:attachment":[{"href":"https:\/\/cuiaba.eleusal.com\/es\/wp-json\/wp\/v2\/media?parent=1618"}],"wp:term":[{"taxonomy":"category","embeddable":true,"href":"https:\/\/cuiaba.eleusal.com\/es\/wp-json\/wp\/v2\/categories?post=1618"},{"taxonomy":"post_tag","embeddable":true,"href":"https:\/\/cuiaba.eleusal.com\/es\/wp-json\/wp\/v2\/tags?post=1618"}],"curies":[{"name":"wp","href":"https:\/\/api.w.org\/{rel}","templated":true}]}}